{"id":5235,"date":"2018-06-18T10:43:09","date_gmt":"2018-06-18T08:43:09","guid":{"rendered":"http:\/\/agroferomonas.com\/?p=5235"},"modified":"2018-06-18T10:43:09","modified_gmt":"2018-06-18T08:43:09","slug":"jornadas-cientificas-sobre-el-control-integrado-de-plagas-en-alicante","status":"publish","type":"post","link":"https:\/\/agroferomonas.com\/en\/jornadas-cientificas-sobre-el-control-integrado-de-plagas-en-alicante\/","title":{"rendered":"Jornadas cient\u00edficas sobre el Control Integrado de Plagas en Alicante"},"content":{"rendered":"<p>[et_pb_section bb_built=\u00bb1&#8243;][et_pb_row][et_pb_column type=\u00bb4_4&#8243;][et_pb_text _builder_version=\u00bb3.2.2&#8243;]<\/p>\n<blockquote>\n<h3 style=\"text-align: justify;\">A partir de hoy lunes, expertos de la Universidad de Alicante y CSIC debaten sobre las \u00faltimas novedades en control de plagas<\/h3>\n<\/blockquote>\n<p style=\"text-align: justify;\"><a href=\"https:\/\/agroferomonas.com\/wp-content\/uploads\/2018\/06\/jornadas-control-biologico-alicante.jpg\"><img class=\"alignleft wp-image-5237\" src=\"https:\/\/agroferomonas.com\/wp-content\/uploads\/2018\/06\/jornadas-control-biologico-alicante.jpg\" alt=\"\" width=\"500\" height=\"708\" srcset=\"https:\/\/agroferomonas.com\/wp-content\/uploads\/2018\/06\/jornadas-control-biologico-alicante.jpg 595w, https:\/\/agroferomonas.com\/wp-content\/uploads\/2018\/06\/jornadas-control-biologico-alicante-212x300.jpg 212w\" sizes=\"(max-width: 500px) 100vw, 500px\" \/><\/a>A partir de hoy, tienen lugar, en la Sede Universitaria Ciudad de Alicante (C\/ Ram\u00f3n y Cajal, 4) las IX Jornadas Cient\u00edficas sobre Control Integrado de Plagas que organiza IPAB, Unidad Asociada que integra cient\u00edficos del Centro Iberoamericano de la Biodiversidad (CIBIO) de la Universidad de Alicante y del Instituto de Ciencias Agrarias (ICA) del Consejo Superior de Investigaciones Cient\u00edficas (CSIC), donde uno de los temas estrella que se tratar\u00e1 es el grave problema que amenaza a almendros y olivos, la bacteria Xylella fastidiosa.<\/p>\n<p style=\"text-align: justify;\">La jornada, que se desarrollar\u00e1 a partir de las 11 de la ma\u00f1ana, y continuar\u00e1 esta tarde abordar\u00e1 temas de gran inter\u00e9s y actualidad para el sector agr\u00edcola y el medio ambiente. El profesor de Investigaci\u00f3n del CSIC, especialista en vectores de enfermedades de plantas, Alberto Fereres, dar\u00e1 a conocer los \u00faltimos avances del conocimiento de la biolog\u00eda, transmisi\u00f3n y control de la bacteria Xylella fastidiosa de reciente introducci\u00f3n en Espa\u00f1a. Esta bacteria es transmitida por insectos y est\u00e1 amenazando el futuro de cultivos como el olivo, c\u00edtricos y almendros. La temida enfermedad que desarrolla est\u00e1 poniendo en grave riesgo cientos de hect\u00e1reas de producci\u00f3n de estos cultivos amenazando su futuro y supervivencia en muchas regiones de Espa\u00f1a.<\/p>\n<p style=\"text-align: justify;\">\u201cLa bacteria Xylella fastidiosa est\u00e1 provocando la muerte de cientos de olivos y almendros y obliga a las administraciones a arrancar \u00e1rboles en grandes superficies. Los sectores de la agricultura y de la administraci\u00f3n est\u00e1n muy preocupados y Alberto Fereres es en este momento el m\u00e1ximo experto en Espa\u00f1a\u201d, se\u00f1alan desde la organizaci\u00f3n de las Jornadas.<\/p>\n<p style=\"text-align: justify;\">Asimismo, el responsable de I+D de BioNostrum Pest Control S.L., Rocco Amor\u00f3s, presentar\u00e1 los avances en el control de la plaga de pulg\u00f3n en cultivos org\u00e1nicos de fresa. Una plaga dif\u00edcil de combatir pero para la que Bionostrum ha encontrado una eficaz soluci\u00f3n con enemigos naturales nativos, poniendo en evidencia la importancia de la investigaci\u00f3n como motor de innovaci\u00f3n y desarrollo.<\/p>\n<p style=\"text-align: justify;\">Las IX Jornadas Cient\u00edficas sobre Control Integrado de Plagas arrancar\u00e1n a las 11.30 horas con una veintena de expertos en plagas relacionados con cultivos como olivar, coliflor, mel\u00f3n, fresa\u2026 as\u00ed como en efectos del incremento del CO2 en el pulg\u00f3n y en \u00e1reas protegidas de la pen\u00ednsula Ib\u00e9rica. Por otro lado, el martes 19 de junio de 2018, los participantes llevar\u00e1n a cabo una visita al Yacimiento arqueol\u00f3gico de la Illeta dels Banyets de El Campello.<\/p>\n<h4 style=\"text-align: justify;\">IPAB<\/h4>\n<p style=\"text-align: justify;\">El IPAB, Interrelaciones Insecto-Pat\u00f3geno-Planta y sus Agentes de Biocontrol, se constituy\u00f3 hace diez a\u00f1os como una Unidad Asociada entre CSIC-UA con el objetico de impulsar investigaciones para combatir las plagas que afectan nuestros cultivos. Para ello, dedica su esfuerzo al estudio interdisciplinar tanto a aspectos b\u00e1sicos de conocimiento de las especies que afectan nuestros cultivos, su biolog\u00eda y comportamiento y tratan de encontrar los enemigos naturales para combatirlos y mejorar los resultados en el campo del control de plagas.<\/p>\n<p>[\/et_pb_text][\/et_pb_column][\/et_pb_row][\/et_pb_section]    \t<\/p>","protected":false},"excerpt":{"rendered":"<p>[et_pb_section bb_built=\u00bb1&#8243;][et_pb_row][et_pb_column type=\u00bb4_4&#8243;][et_pb_text _builder_version=\u00bb3.2.2&#8243;] A partir de hoy lunes, expertos de la Universidad de Alicante y CSIC debaten sobre las \u00faltimas novedades en control de plagas A partir de hoy, &#8230; <a title=\"Jornadas cient\u00edficas sobre el Control Integrado de Plagas en Alicante\" class=\"read-more\" href=\"https:\/\/agroferomonas.com\/en\/jornadas-cientificas-sobre-el-control-integrado-de-plagas-en-alicante\/\" aria-label=\"More on Jornadas cient\u00edficas sobre el Control Integrado de Plagas en Alicante\" data-no-translation=\"\" data-trp-gettext=\"\">Read more<\/a><\/p>","protected":false},"author":6,"featured_media":5236,"comment_status":"open","ping_status":"open","sticky":false,"template":"","format":"standard","meta":{"_price":"","_stock":"","_tribe_ticket_header":"","_tribe_default_ticket_provider":"","_tribe_ticket_capacity":"0","_ticket_start_date":"","_ticket_end_date":"","_tribe_ticket_show_description":"","_tribe_ticket_show_not_going":false,"_tribe_ticket_use_global_stock":"","_tribe_ticket_global_stock_level":"","_global_stock_mode":"","_global_stock_cap":"","_tribe_rsvp_for_event":"","_tribe_ticket_going_count":"","_tribe_ticket_not_going_count":"","_tribe_tickets_list":[],"_tribe_ticket_has_attendee_info_fields":false},"categories":[29],"tags":[],"yoast_head":"<!-- This site is optimized with the Yoast SEO plugin v19.7.2 - https:\/\/yoast.com\/wordpress\/plugins\/seo\/ -->\n<title>Jornadas cient\u00edficas sobre el Control Integrado de Plagas en Alicante - Foro Agroferomonas<\/title>\n<meta name=\"robots\" content=\"index, follow, max-snippet:-1, max-image-preview:large, max-video-preview:-1\" \/>\n<link rel=\"canonical\" href=\"https:\/\/agroferomonas.com\/en\/jornadas-cientificas-sobre-el-control-integrado-de-plagas-en-alicante\/\" \/>\n<meta property=\"og:locale\" content=\"en_GB\" \/>\n<meta property=\"og:type\" content=\"article\" \/>\n<meta property=\"og:title\" content=\"Jornadas cient\u00edficas sobre el Control Integrado de Plagas en Alicante - Foro Agroferomonas\" \/>\n<meta property=\"og:description\" content=\"[et_pb_section bb_built=\u00bb1&#8243;][et_pb_row][et_pb_column type=\u00bb4_4&#8243;][et_pb_text _builder_version=\u00bb3.2.2&#8243;] A partir de hoy lunes, expertos de la Universidad de Alicante y CSIC debaten sobre las \u00faltimas novedades en control de plagas A partir de hoy, ... Read more\" \/>\n<meta property=\"og:url\" content=\"https:\/\/agroferomonas.com\/en\/jornadas-cientificas-sobre-el-control-integrado-de-plagas-en-alicante\/\" \/>\n<meta property=\"og:site_name\" content=\"Foro Agroferomonas\" \/>\n<meta property=\"article:published_time\" content=\"2018-06-18T08:43:09+00:00\" \/>\n<meta property=\"og:image\" content=\"https:\/\/agroferomonas.com\/wp-content\/uploads\/2018\/06\/jornadas-principal.jpg\" \/>\n\t<meta property=\"og:image:width\" content=\"816\" \/>\n\t<meta property=\"og:image:height\" content=\"506\" \/>\n\t<meta property=\"og:image:type\" content=\"image\/jpeg\" \/>\n<meta name=\"author\" content=\"agroFer0Ad\" \/>\n<meta name=\"twitter:card\" content=\"summary_large_image\" \/>\n<meta name=\"twitter:label1\" content=\"Written by\" \/>\n\t<meta name=\"twitter:data1\" content=\"agroFer0Ad\" \/>\n\t<meta name=\"twitter:label2\" content=\"Estimated reading time\" \/>\n\t<meta name=\"twitter:data2\" content=\"3 minutes\" \/>\n<script type=\"application\/ld+json\" class=\"yoast-schema-graph\">{\"@context\":\"https:\/\/schema.org\",\"@graph\":[{\"@type\":\"Article\",\"@id\":\"https:\/\/agroferomonas.com\/jornadas-cientificas-sobre-el-control-integrado-de-plagas-en-alicante\/#article\",\"isPartOf\":{\"@id\":\"https:\/\/agroferomonas.com\/jornadas-cientificas-sobre-el-control-integrado-de-plagas-en-alicante\/\"},\"author\":{\"name\":\"agroFer0Ad\",\"@id\":\"https:\/\/agroferomonas.com\/#\/schema\/person\/ec343349ac181f9cc4645d7acd5d20e7\"},\"headline\":\"Jornadas cient\u00edficas sobre el Control Integrado de Plagas en Alicante\",\"datePublished\":\"2018-06-18T08:43:09+00:00\",\"dateModified\":\"2018-06-18T08:43:09+00:00\",\"mainEntityOfPage\":{\"@id\":\"https:\/\/agroferomonas.com\/jornadas-cientificas-sobre-el-control-integrado-de-plagas-en-alicante\/\"},\"wordCount\":575,\"commentCount\":0,\"publisher\":{\"@id\":\"https:\/\/agroferomonas.com\/#organization\"},\"articleSection\":[\"noticias\"],\"inLanguage\":\"en-GB\",\"potentialAction\":[{\"@type\":\"CommentAction\",\"name\":\"Comment\",\"target\":[\"https:\/\/agroferomonas.com\/jornadas-cientificas-sobre-el-control-integrado-de-plagas-en-alicante\/#respond\"]}]},{\"@type\":\"WebPage\",\"@id\":\"https:\/\/agroferomonas.com\/jornadas-cientificas-sobre-el-control-integrado-de-plagas-en-alicante\/\",\"url\":\"https:\/\/agroferomonas.com\/jornadas-cientificas-sobre-el-control-integrado-de-plagas-en-alicante\/\",\"name\":\"Jornadas cient\u00edficas sobre el Control Integrado de Plagas en Alicante - Foro Agroferomonas\",\"isPartOf\":{\"@id\":\"https:\/\/agroferomonas.com\/#website\"},\"datePublished\":\"2018-06-18T08:43:09+00:00\",\"dateModified\":\"2018-06-18T08:43:09+00:00\",\"breadcrumb\":{\"@id\":\"https:\/\/agroferomonas.com\/jornadas-cientificas-sobre-el-control-integrado-de-plagas-en-alicante\/#breadcrumb\"},\"inLanguage\":\"en-GB\",\"potentialAction\":[{\"@type\":\"ReadAction\",\"target\":[\"https:\/\/agroferomonas.com\/jornadas-cientificas-sobre-el-control-integrado-de-plagas-en-alicante\/\"]}]},{\"@type\":\"BreadcrumbList\",\"@id\":\"https:\/\/agroferomonas.com\/jornadas-cientificas-sobre-el-control-integrado-de-plagas-en-alicante\/#breadcrumb\",\"itemListElement\":[{\"@type\":\"ListItem\",\"position\":1,\"name\":\"Portada\",\"item\":\"https:\/\/agroferomonas.com\/\"},{\"@type\":\"ListItem\",\"position\":2,\"name\":\"Jornadas cient\u00edficas sobre el Control Integrado de Plagas en Alicante\"}]},{\"@type\":\"WebSite\",\"@id\":\"https:\/\/agroferomonas.com\/#website\",\"url\":\"https:\/\/agroferomonas.com\/\",\"name\":\"Foro Agroferomonas\",\"description\":\"Control biol\u00f3gico, trampas y atrayentes\",\"publisher\":{\"@id\":\"https:\/\/agroferomonas.com\/#organization\"},\"potentialAction\":[{\"@type\":\"SearchAction\",\"target\":{\"@type\":\"EntryPoint\",\"urlTemplate\":\"https:\/\/agroferomonas.com\/?s={search_term_string}\"},\"query-input\":\"required name=search_term_string\"}],\"inLanguage\":\"en-GB\"},{\"@type\":\"Organization\",\"@id\":\"https:\/\/agroferomonas.com\/#organization\",\"name\":\"Foro Agroferomonas\",\"url\":\"https:\/\/agroferomonas.com\/\",\"sameAs\":[],\"logo\":{\"@type\":\"ImageObject\",\"inLanguage\":\"en-GB\",\"@id\":\"https:\/\/agroferomonas.com\/#\/schema\/logo\/image\/\",\"url\":\"https:\/\/agroferomonas.com\/wp-content\/uploads\/2022\/01\/logo-agroferomonas-2022-copia.png\",\"contentUrl\":\"https:\/\/agroferomonas.com\/wp-content\/uploads\/2022\/01\/logo-agroferomonas-2022-copia.png\",\"width\":384,\"height\":108,\"caption\":\"Foro Agroferomonas\"},\"image\":{\"@id\":\"https:\/\/agroferomonas.com\/#\/schema\/logo\/image\/\"}},{\"@type\":\"Person\",\"@id\":\"https:\/\/agroferomonas.com\/#\/schema\/person\/ec343349ac181f9cc4645d7acd5d20e7\",\"name\":\"agroFer0Ad\",\"image\":{\"@type\":\"ImageObject\",\"inLanguage\":\"en-GB\",\"@id\":\"https:\/\/agroferomonas.com\/#\/schema\/person\/image\/\",\"url\":\"https:\/\/secure.gravatar.com\/avatar\/e01cc45a5068b09b79cc122270fc93b9?s=96&d=mm&r=g\",\"contentUrl\":\"https:\/\/secure.gravatar.com\/avatar\/e01cc45a5068b09b79cc122270fc93b9?s=96&d=mm&r=g\",\"caption\":\"agroFer0Ad\"},\"url\":\"https:\/\/agroferomonas.com\/en\/author\/agrofer0ad\/\"}]}<\/script>\n<!-- \/ Yoast SEO plugin. -->","yoast_head_json":{"title":"Jornadas cient\u00edficas sobre el Control Integrado de Plagas en Alicante - Foro Agroferomonas","robots":{"index":"index","follow":"follow","max-snippet":"max-snippet:-1","max-image-preview":"max-image-preview:large","max-video-preview":"max-video-preview:-1"},"canonical":"https:\/\/agroferomonas.com\/en\/jornadas-cientificas-sobre-el-control-integrado-de-plagas-en-alicante\/","og_locale":"en_GB","og_type":"article","og_title":"Jornadas cient\u00edficas sobre el Control Integrado de Plagas en Alicante - Foro Agroferomonas","og_description":"[et_pb_section bb_built=\u00bb1&#8243;][et_pb_row][et_pb_column type=\u00bb4_4&#8243;][et_pb_text _builder_version=\u00bb3.2.2&#8243;] A partir de hoy lunes, expertos de la Universidad de Alicante y CSIC debaten sobre las \u00faltimas novedades en control de plagas A partir de hoy, ... Read more","og_url":"https:\/\/agroferomonas.com\/en\/jornadas-cientificas-sobre-el-control-integrado-de-plagas-en-alicante\/","og_site_name":"Foro Agroferomonas","article_published_time":"2018-06-18T08:43:09+00:00","og_image":[{"width":816,"height":506,"url":"https:\/\/agroferomonas.com\/wp-content\/uploads\/2018\/06\/jornadas-principal.jpg","type":"image\/jpeg"}],"author":"agroFer0Ad","twitter_card":"summary_large_image","twitter_misc":{"Written by":"agroFer0Ad","Estimated reading time":"3 minutes"},"schema":{"@context":"https:\/\/schema.org","@graph":[{"@type":"Article","@id":"https:\/\/agroferomonas.com\/jornadas-cientificas-sobre-el-control-integrado-de-plagas-en-alicante\/#article","isPartOf":{"@id":"https:\/\/agroferomonas.com\/jornadas-cientificas-sobre-el-control-integrado-de-plagas-en-alicante\/"},"author":{"name":"agroFer0Ad","@id":"https:\/\/agroferomonas.com\/#\/schema\/person\/ec343349ac181f9cc4645d7acd5d20e7"},"headline":"Jornadas cient\u00edficas sobre el Control Integrado de Plagas en Alicante","datePublished":"2018-06-18T08:43:09+00:00","dateModified":"2018-06-18T08:43:09+00:00","mainEntityOfPage":{"@id":"https:\/\/agroferomonas.com\/jornadas-cientificas-sobre-el-control-integrado-de-plagas-en-alicante\/"},"wordCount":575,"commentCount":0,"publisher":{"@id":"https:\/\/agroferomonas.com\/#organization"},"articleSection":["noticias"],"inLanguage":"en-GB","potentialAction":[{"@type":"CommentAction","name":"Comment","target":["https:\/\/agroferomonas.com\/jornadas-cientificas-sobre-el-control-integrado-de-plagas-en-alicante\/#respond"]}]},{"@type":"WebPage","@id":"https:\/\/agroferomonas.com\/jornadas-cientificas-sobre-el-control-integrado-de-plagas-en-alicante\/","url":"https:\/\/agroferomonas.com\/jornadas-cientificas-sobre-el-control-integrado-de-plagas-en-alicante\/","name":"Jornadas cient\u00edficas sobre el Control Integrado de Plagas en Alicante - Foro Agroferomonas","isPartOf":{"@id":"https:\/\/agroferomonas.com\/#website"},"datePublished":"2018-06-18T08:43:09+00:00","dateModified":"2018-06-18T08:43:09+00:00","breadcrumb":{"@id":"https:\/\/agroferomonas.com\/jornadas-cientificas-sobre-el-control-integrado-de-plagas-en-alicante\/#breadcrumb"},"inLanguage":"en-GB","potentialAction":[{"@type":"ReadAction","target":["https:\/\/agroferomonas.com\/jornadas-cientificas-sobre-el-control-integrado-de-plagas-en-alicante\/"]}]},{"@type":"BreadcrumbList","@id":"https:\/\/agroferomonas.com\/jornadas-cientificas-sobre-el-control-integrado-de-plagas-en-alicante\/#breadcrumb","itemListElement":[{"@type":"ListItem","position":1,"name":"Portada","item":"https:\/\/agroferomonas.com\/"},{"@type":"ListItem","position":2,"name":"Jornadas cient\u00edficas sobre el Control Integrado de Plagas en Alicante"}]},{"@type":"WebSite","@id":"https:\/\/agroferomonas.com\/#website","url":"https:\/\/agroferomonas.com\/","name":"Foro Agroferomonas","description":"Control biol\u00f3gico, trampas y atrayentes","publisher":{"@id":"https:\/\/agroferomonas.com\/#organization"},"potentialAction":[{"@type":"SearchAction","target":{"@type":"EntryPoint","urlTemplate":"https:\/\/agroferomonas.com\/?s={search_term_string}"},"query-input":"required name=search_term_string"}],"inLanguage":"en-GB"},{"@type":"Organization","@id":"https:\/\/agroferomonas.com\/#organization","name":"Foro Agroferomonas","url":"https:\/\/agroferomonas.com\/","sameAs":[],"logo":{"@type":"ImageObject","inLanguage":"en-GB","@id":"https:\/\/agroferomonas.com\/#\/schema\/logo\/image\/","url":"https:\/\/agroferomonas.com\/wp-content\/uploads\/2022\/01\/logo-agroferomonas-2022-copia.png","contentUrl":"https:\/\/agroferomonas.com\/wp-content\/uploads\/2022\/01\/logo-agroferomonas-2022-copia.png","width":384,"height":108,"caption":"Foro Agroferomonas"},"image":{"@id":"https:\/\/agroferomonas.com\/#\/schema\/logo\/image\/"}},{"@type":"Person","@id":"https:\/\/agroferomonas.com\/#\/schema\/person\/ec343349ac181f9cc4645d7acd5d20e7","name":"agroFer0Ad","image":{"@type":"ImageObject","inLanguage":"en-GB","@id":"https:\/\/agroferomonas.com\/#\/schema\/person\/image\/","url":"https:\/\/secure.gravatar.com\/avatar\/e01cc45a5068b09b79cc122270fc93b9?s=96&d=mm&r=g","contentUrl":"https:\/\/secure.gravatar.com\/avatar\/e01cc45a5068b09b79cc122270fc93b9?s=96&d=mm&r=g","caption":"agroFer0Ad"},"url":"https:\/\/agroferomonas.com\/en\/author\/agrofer0ad\/"}]}},"_links":{"self":[{"href":"https:\/\/agroferomonas.com\/en\/wp-json\/wp\/v2\/posts\/5235"}],"collection":[{"href":"https:\/\/agroferomonas.com\/en\/wp-json\/wp\/v2\/posts"}],"about":[{"href":"https:\/\/agroferomonas.com\/en\/wp-json\/wp\/v2\/types\/post"}],"author":[{"embeddable":true,"href":"https:\/\/agroferomonas.com\/en\/wp-json\/wp\/v2\/users\/6"}],"replies":[{"embeddable":true,"href":"https:\/\/agroferomonas.com\/en\/wp-json\/wp\/v2\/comments?post=5235"}],"version-history":[{"count":0,"href":"https:\/\/agroferomonas.com\/en\/wp-json\/wp\/v2\/posts\/5235\/revisions"}],"wp:featuredmedia":[{"embeddable":true,"href":"https:\/\/agroferomonas.com\/en\/wp-json\/wp\/v2\/media\/5236"}],"wp:attachment":[{"href":"https:\/\/agroferomonas.com\/en\/wp-json\/wp\/v2\/media?parent=5235"}],"wp:term":[{"taxonomy":"category","embeddable":true,"href":"https:\/\/agroferomonas.com\/en\/wp-json\/wp\/v2\/categories?post=5235"},{"taxonomy":"post_tag","embeddable":true,"href":"https:\/\/agroferomonas.com\/en\/wp-json\/wp\/v2\/tags?post=5235"}],"curies":[{"name":"wp","href":"https:\/\/api.w.org\/{rel}","templated":true}]}}