{"id":5292,"date":"2018-06-27T09:00:04","date_gmt":"2018-06-27T07:00:04","guid":{"rendered":"http:\/\/agroferomonas.com\/?p=5292"},"modified":"2018-06-27T09:00:04","modified_gmt":"2018-06-27T07:00:04","slug":"el-tratamiento-natural-de-las-plagas-del-olivo","status":"publish","type":"post","link":"https:\/\/agroferomonas.com\/en\/el-tratamiento-natural-de-las-plagas-del-olivo\/","title":{"rendered":"El tratamiento natural de las plagas del olivo"},"content":{"rendered":"<p>[et_pb_section bb_built=\u00bb1&#8243;][et_pb_row][et_pb_column type=\u00bb4_4&#8243;][et_pb_text _builder_version=\u00bb3.2.2&#8243;]<\/p>\n<blockquote>\n<h3 style=\"text-align: justify;\">En el siguiente art\u00edculo publicado en Ecolog\u00edaVerde se desvelan cu\u00e1les son las plagas del olivo y su tratamiento natural, ya que es posible precindir de m\u00e9todos qu\u00edmicos para combatirlas. En este caso, el principio de prevenci\u00f3n de las plagas y enfermedades es lo mejor y esto consiste en que la planta se desarrolle en sus condiciones ideales y con los cuidados adecuados.<\/h3>\n<\/blockquote>\n<h4 style=\"text-align: justify;\">Plagas m\u00e1s comunes del olivo y su tratamiento natural<\/h4>\n<p style=\"text-align: justify;\">A modo de resumen, las plagas que provocan mayores da\u00f1os a los olivos y, por ende, mayores p\u00e9rdidas econ\u00f3micas a sus agricultores son:<\/p>\n<ul style=\"text-align: justify;\">\n<li style=\"text-align: justify;\">Mosca del olivo (Bactrocera oleae)<\/li>\n<li style=\"text-align: justify;\">Polilla o Prays del olivo (Prays oleae)<\/li>\n<li style=\"text-align: justify;\">Cochinilla del olivo (Saissetia oleae)<\/li>\n<li style=\"text-align: justify;\">Repilo del olivo<\/li>\n<li style=\"text-align: justify;\">Aceituna jabonosa o antractosis<\/li>\n<li style=\"text-align: justify;\">Verticilosis del olivo (Verticillium dahliae)<\/li>\n<li style=\"text-align: justify;\">Tuberculosis del olivo<\/li>\n<li style=\"text-align: justify;\">Xylella fastidiosa<\/li>\n<\/ul>\n<h5 style=\"text-align: justify;\">Mosca del olivo (Bactrocera oleae)<\/h5>\n<p style=\"text-align: justify;\">Es una de las plagas que mayores problemas genera en los olivares y est\u00e1 asociada con la p\u00e9rdida de calidad del aceite de oliva. En primer lugar, esta mosca realiza la puesta de huevos debajo de la piel de la aceituna. Una vez que emerge la larva, se alimenta de la pulpa y, en \u00faltimo lugar, se forma la pupa y tiene lugar la metamorfosis, emergiendo la mosca, que sale rompiendo la piel de la aceituna y dejando unos agujeros caracter\u00edsticos en el fruto. El insecto solo ataca el fruto, causando su p\u00e9rdida de peso y ca\u00edda. Adem\u00e1s, las heridas en la aceituna pueden ser invadidas por hongos y bacterias, perdi\u00e9ndose tambi\u00e9n calidad en el aceite de oliva o incluso directamente el uso o consumo de estas olivas.<\/p>\n<p><img class=\"aligncenter size-full wp-image-5294\" src=\"https:\/\/agroferomonas.com\/wp-content\/uploads\/2018\/06\/mosca_del_olivo_bactrocera_oleae_1400_1_600.jpg\" alt=\"\" width=\"600\" height=\"450\" srcset=\"https:\/\/agroferomonas.com\/wp-content\/uploads\/2018\/06\/mosca_del_olivo_bactrocera_oleae_1400_1_600.jpg 600w, https:\/\/agroferomonas.com\/wp-content\/uploads\/2018\/06\/mosca_del_olivo_bactrocera_oleae_1400_1_600-300x225.jpg 300w\" sizes=\"(max-width: 600px) 100vw, 600px\" \/><\/p>\n<p style=\"text-align: justify;\">La lucha contra esta plaga de forma natural es dif\u00edcil, pero estos son algunos consejos de prevenci\u00f3n y tratamiento natural para la mosca del olivo:<\/p>\n<ol style=\"text-align: justify;\">\n<li>Un m\u00e9todo es anticipar la recolecci\u00f3n de la aceituna.<\/li>\n<li>Colocar trampas de fosfatos diam\u00f3nico, que consiste en realizar un preparado de fosfato diam\u00f3nico al 3 % en una botella y colgarlas de la copa del olivo.<\/li>\n<li>Recurrir a preparados sint\u00e9ticos de hormona sexual de la mosca, Espiroacetato, o al insecticida Spinosad, cuyo principio activo se obtiene de la fermentaci\u00f3n natural de una bacteria.<\/li>\n<\/ol>\n<h5 style=\"text-align: justify;\"><img class=\"alignleft wp-image-5293\" src=\"https:\/\/agroferomonas.com\/wp-content\/uploads\/2018\/06\/polilla_o_prays_del_olivo_prays_oleae_1400_2_600.jpg\" alt=\"\" width=\"500\" height=\"400\" srcset=\"https:\/\/agroferomonas.com\/wp-content\/uploads\/2018\/06\/polilla_o_prays_del_olivo_prays_oleae_1400_2_600.jpg 600w, https:\/\/agroferomonas.com\/wp-content\/uploads\/2018\/06\/polilla_o_prays_del_olivo_prays_oleae_1400_2_600-300x240.jpg 300w\" sizes=\"(max-width: 500px) 100vw, 500px\" \/>Polilla o Prays del olivo (Prays oleae)<\/h5>\n<p style=\"text-align: justify;\">Este insecto presenta tres tipos de generaciones. Una que se alimenta de las hojas del olivo (fil\u00f3faga), otra de las flores (antr\u00f3faga) y la \u00faltima, de los frutos (carp\u00f3faga). En funci\u00f3n del tipo de generaci\u00f3n, los da\u00f1os a la planta var\u00edan. La generaci\u00f3n fil\u00f3faga genera p\u00e9rdidas, sobre todo, en los olivos en formaci\u00f3n, con alteraciones en su desarrollo. Los da\u00f1os de la generaci\u00f3n antr\u00f3faga dependen de la floraci\u00f3n y los de la generaci\u00f3n carp\u00f3faga, son los m\u00e1s importantes, ya que da\u00f1an al fruto y producen su ca\u00edda.<\/p>\n<p style=\"text-align: justify;\">En el tratamiento natural para la polilla del olivo se incluyen:<\/p>\n<ol style=\"text-align: justify;\">\n<li>Usar enemigos naturales como Chrysoperla carnea, que es un depredador que se alimenta de sus huevos, larvas y cris\u00e1lidas.<\/li>\n<li>Usar la toxina de Bacillus thurigiensis (Bt), sobre todo, durante la infecci\u00f3n por la generaci\u00f3n ant\u00f3faga.<\/li>\n<\/ol>\n<h5 style=\"text-align: justify;\">Cochinilla del olivo (Saissetia oleae)<\/h5>\n<p style=\"text-align: justify;\">Es la tercera plaga m\u00e1s importante, econ\u00f3micamente hablando, que afecta al cultivo del olivo. Se trata de una infecci\u00f3n producida \u00fanicamente por las hembras de esta especie de cochinilla y que, adem\u00e1s, es partenog\u00e9nica, por lo que no requiere fecundaci\u00f3n para tener descendencia. De hecho, no se han identificado la presencia de machos en Europa.<\/p>\n<p style=\"text-align: justify;\">Las cochinillas del olivo succionan la savia del \u00e1rbol y lo debilitan. Tambi\u00e9n, producen compuestos azucarados como melaza, lo que favorece el desarrollo de hongos como la negrilla. Estos hongos se desarrollan cubriendo ramas y hojas del olivo, dificultando la fotos\u00edntesis.<\/p>\n<p style=\"text-align: justify;\">Los tratamientos naturales contra la cochinilla del olivo incluyen:<\/p>\n<ol style=\"text-align: justify;\">\n<li>Realizar una poda que facilite la correcta aireaci\u00f3n de la copa del \u00e1rbol porque dificulta el desarrollo de la plaga.<\/li>\n<li>La lucha biol\u00f3gica con Metaphycus barletti.<\/li>\n<li>El uso de insecticidas naturales fabricados con aceite mineral.<\/li>\n<\/ol>\n<h5 style=\"text-align: justify;\">Otras plagas del olivo<\/h5>\n<p style=\"text-align: justify;\">\nAunque las anteriores tres plagas son las que afectan con m\u00e1s frecuencia al olivo y ocasionan mayores p\u00e9rdidas econ\u00f3micas, existen otras que tambi\u00e9n afectan al cultivo del olivo en menor frecuencia. Entre estas otras plagas del olivo est\u00e1n:<\/p>\n<ol>\n<li style=\"text-align: justify;\">Repilo del olivo: esta plaga est\u00e1 causada por un hongo y afecta a la productividad del olivo. Es m\u00e1s frecuente en climas lluviosos y variedades sensibles y se trata con cobre.<\/li>\n<li style=\"text-align: justify;\">Aceituna jabonosa o antractosis: causada por la infecci\u00f3n de hongos productores de toxinas que secan las ramas.<br \/>\nVerticilosis del olivo (Verticillium dahliae): producida por un hongo del suelo. Es dif\u00edcil de tratar, por lo que se usan variedades resistentes.<\/li>\n<li style=\"text-align: justify;\">Tuberculosis del olivo: infecci\u00f3n bacteriana que debilita el \u00e1rbol.<\/li>\n<li style=\"text-align: justify;\">Xylella fastidiosa: causada por una bacteria que causa estragos. Actualmente, existen variedades de olivos tolerantes a esta afecci\u00f3n.<\/li>\n<\/ol>\n<p>[\/et_pb_text][\/et_pb_column][\/et_pb_row][\/et_pb_section]    \t<\/p>","protected":false},"excerpt":{"rendered":"<p>[et_pb_section bb_built=\u00bb1&#8243;][et_pb_row][et_pb_column type=\u00bb4_4&#8243;][et_pb_text _builder_version=\u00bb3.2.2&#8243;] En el siguiente art\u00edculo publicado en Ecolog\u00edaVerde se desvelan cu\u00e1les son las plagas del olivo y su tratamiento natural, ya que es posible precindir de m\u00e9todos &#8230; <a title=\"El tratamiento natural de las plagas del olivo\" class=\"read-more\" href=\"https:\/\/agroferomonas.com\/en\/el-tratamiento-natural-de-las-plagas-del-olivo\/\" aria-label=\"More on El tratamiento natural de las plagas del olivo\" data-no-translation=\"\" data-trp-gettext=\"\">Read more<\/a><\/p>","protected":false},"author":6,"featured_media":5295,"comment_status":"open","ping_status":"open","sticky":false,"template":"","format":"standard","meta":{"_price":"","_stock":"","_tribe_ticket_header":"","_tribe_default_ticket_provider":"","_tribe_ticket_capacity":"0","_ticket_start_date":"","_ticket_end_date":"","_tribe_ticket_show_description":"","_tribe_ticket_show_not_going":false,"_tribe_ticket_use_global_stock":"","_tribe_ticket_global_stock_level":"","_global_stock_mode":"","_global_stock_cap":"","_tribe_rsvp_for_event":"","_tribe_ticket_going_count":"","_tribe_ticket_not_going_count":"","_tribe_tickets_list":[],"_tribe_ticket_has_attendee_info_fields":false},"categories":[29],"tags":[],"yoast_head":"<!-- This site is optimized with the Yoast SEO plugin v19.7.2 - https:\/\/yoast.com\/wordpress\/plugins\/seo\/ -->\n<title>El tratamiento natural de las plagas del olivo - Foro Agroferomonas<\/title>\n<meta name=\"robots\" content=\"index, follow, max-snippet:-1, max-image-preview:large, max-video-preview:-1\" \/>\n<link rel=\"canonical\" href=\"https:\/\/agroferomonas.com\/en\/el-tratamiento-natural-de-las-plagas-del-olivo\/\" \/>\n<meta property=\"og:locale\" content=\"en_GB\" \/>\n<meta property=\"og:type\" content=\"article\" \/>\n<meta property=\"og:title\" content=\"El tratamiento natural de las plagas del olivo - Foro Agroferomonas\" \/>\n<meta property=\"og:description\" content=\"[et_pb_section bb_built=\u00bb1&#8243;][et_pb_row][et_pb_column type=\u00bb4_4&#8243;][et_pb_text _builder_version=\u00bb3.2.2&#8243;] En el siguiente art\u00edculo publicado en Ecolog\u00edaVerde se desvelan cu\u00e1les son las plagas del olivo y su tratamiento natural, ya que es posible precindir de m\u00e9todos ... Read more\" \/>\n<meta property=\"og:url\" content=\"https:\/\/agroferomonas.com\/en\/el-tratamiento-natural-de-las-plagas-del-olivo\/\" \/>\n<meta property=\"og:site_name\" content=\"Foro Agroferomonas\" \/>\n<meta property=\"article:published_time\" content=\"2018-06-27T07:00:04+00:00\" \/>\n<meta property=\"og:image\" content=\"https:\/\/agroferomonas.com\/wp-content\/uploads\/2018\/06\/plagas_mas_comunes_del_olivo_y_su_tratamiento_natural_1400_0_600.jpg\" \/>\n\t<meta property=\"og:image:width\" content=\"600\" \/>\n\t<meta property=\"og:image:height\" content=\"400\" \/>\n\t<meta property=\"og:image:type\" content=\"image\/jpeg\" \/>\n<meta name=\"author\" content=\"agroFer0Ad\" \/>\n<meta name=\"twitter:card\" content=\"summary_large_image\" \/>\n<meta name=\"twitter:label1\" content=\"Written by\" \/>\n\t<meta name=\"twitter:data1\" content=\"agroFer0Ad\" \/>\n\t<meta name=\"twitter:label2\" content=\"Estimated reading time\" \/>\n\t<meta name=\"twitter:data2\" content=\"4 minutes\" \/>\n<script type=\"application\/ld+json\" class=\"yoast-schema-graph\">{\"@context\":\"https:\/\/schema.org\",\"@graph\":[{\"@type\":\"Article\",\"@id\":\"https:\/\/agroferomonas.com\/el-tratamiento-natural-de-las-plagas-del-olivo\/#article\",\"isPartOf\":{\"@id\":\"https:\/\/agroferomonas.com\/el-tratamiento-natural-de-las-plagas-del-olivo\/\"},\"author\":{\"name\":\"agroFer0Ad\",\"@id\":\"https:\/\/agroferomonas.com\/#\/schema\/person\/ec343349ac181f9cc4645d7acd5d20e7\"},\"headline\":\"El tratamiento natural de las plagas del olivo\",\"datePublished\":\"2018-06-27T07:00:04+00:00\",\"dateModified\":\"2018-06-27T07:00:04+00:00\",\"mainEntityOfPage\":{\"@id\":\"https:\/\/agroferomonas.com\/el-tratamiento-natural-de-las-plagas-del-olivo\/\"},\"wordCount\":877,\"commentCount\":0,\"publisher\":{\"@id\":\"https:\/\/agroferomonas.com\/#organization\"},\"articleSection\":[\"noticias\"],\"inLanguage\":\"en-GB\",\"potentialAction\":[{\"@type\":\"CommentAction\",\"name\":\"Comment\",\"target\":[\"https:\/\/agroferomonas.com\/el-tratamiento-natural-de-las-plagas-del-olivo\/#respond\"]}]},{\"@type\":\"WebPage\",\"@id\":\"https:\/\/agroferomonas.com\/el-tratamiento-natural-de-las-plagas-del-olivo\/\",\"url\":\"https:\/\/agroferomonas.com\/el-tratamiento-natural-de-las-plagas-del-olivo\/\",\"name\":\"El tratamiento natural de las plagas del olivo - Foro Agroferomonas\",\"isPartOf\":{\"@id\":\"https:\/\/agroferomonas.com\/#website\"},\"datePublished\":\"2018-06-27T07:00:04+00:00\",\"dateModified\":\"2018-06-27T07:00:04+00:00\",\"breadcrumb\":{\"@id\":\"https:\/\/agroferomonas.com\/el-tratamiento-natural-de-las-plagas-del-olivo\/#breadcrumb\"},\"inLanguage\":\"en-GB\",\"potentialAction\":[{\"@type\":\"ReadAction\",\"target\":[\"https:\/\/agroferomonas.com\/el-tratamiento-natural-de-las-plagas-del-olivo\/\"]}]},{\"@type\":\"BreadcrumbList\",\"@id\":\"https:\/\/agroferomonas.com\/el-tratamiento-natural-de-las-plagas-del-olivo\/#breadcrumb\",\"itemListElement\":[{\"@type\":\"ListItem\",\"position\":1,\"name\":\"Portada\",\"item\":\"https:\/\/agroferomonas.com\/\"},{\"@type\":\"ListItem\",\"position\":2,\"name\":\"El tratamiento natural de las plagas del olivo\"}]},{\"@type\":\"WebSite\",\"@id\":\"https:\/\/agroferomonas.com\/#website\",\"url\":\"https:\/\/agroferomonas.com\/\",\"name\":\"Foro Agroferomonas\",\"description\":\"Control biol\u00f3gico, trampas y atrayentes\",\"publisher\":{\"@id\":\"https:\/\/agroferomonas.com\/#organization\"},\"potentialAction\":[{\"@type\":\"SearchAction\",\"target\":{\"@type\":\"EntryPoint\",\"urlTemplate\":\"https:\/\/agroferomonas.com\/?s={search_term_string}\"},\"query-input\":\"required name=search_term_string\"}],\"inLanguage\":\"en-GB\"},{\"@type\":\"Organization\",\"@id\":\"https:\/\/agroferomonas.com\/#organization\",\"name\":\"Foro Agroferomonas\",\"url\":\"https:\/\/agroferomonas.com\/\",\"sameAs\":[],\"logo\":{\"@type\":\"ImageObject\",\"inLanguage\":\"en-GB\",\"@id\":\"https:\/\/agroferomonas.com\/#\/schema\/logo\/image\/\",\"url\":\"https:\/\/agroferomonas.com\/wp-content\/uploads\/2022\/01\/logo-agroferomonas-2022-copia.png\",\"contentUrl\":\"https:\/\/agroferomonas.com\/wp-content\/uploads\/2022\/01\/logo-agroferomonas-2022-copia.png\",\"width\":384,\"height\":108,\"caption\":\"Foro Agroferomonas\"},\"image\":{\"@id\":\"https:\/\/agroferomonas.com\/#\/schema\/logo\/image\/\"}},{\"@type\":\"Person\",\"@id\":\"https:\/\/agroferomonas.com\/#\/schema\/person\/ec343349ac181f9cc4645d7acd5d20e7\",\"name\":\"agroFer0Ad\",\"image\":{\"@type\":\"ImageObject\",\"inLanguage\":\"en-GB\",\"@id\":\"https:\/\/agroferomonas.com\/#\/schema\/person\/image\/\",\"url\":\"https:\/\/secure.gravatar.com\/avatar\/e01cc45a5068b09b79cc122270fc93b9?s=96&d=mm&r=g\",\"contentUrl\":\"https:\/\/secure.gravatar.com\/avatar\/e01cc45a5068b09b79cc122270fc93b9?s=96&d=mm&r=g\",\"caption\":\"agroFer0Ad\"},\"url\":\"https:\/\/agroferomonas.com\/en\/author\/agrofer0ad\/\"}]}<\/script>\n<!-- \/ Yoast SEO plugin. -->","yoast_head_json":{"title":"El tratamiento natural de las plagas del olivo - Foro Agroferomonas","robots":{"index":"index","follow":"follow","max-snippet":"max-snippet:-1","max-image-preview":"max-image-preview:large","max-video-preview":"max-video-preview:-1"},"canonical":"https:\/\/agroferomonas.com\/en\/el-tratamiento-natural-de-las-plagas-del-olivo\/","og_locale":"en_GB","og_type":"article","og_title":"El tratamiento natural de las plagas del olivo - Foro Agroferomonas","og_description":"[et_pb_section bb_built=\u00bb1&#8243;][et_pb_row][et_pb_column type=\u00bb4_4&#8243;][et_pb_text _builder_version=\u00bb3.2.2&#8243;] En el siguiente art\u00edculo publicado en Ecolog\u00edaVerde se desvelan cu\u00e1les son las plagas del olivo y su tratamiento natural, ya que es posible precindir de m\u00e9todos ... Read more","og_url":"https:\/\/agroferomonas.com\/en\/el-tratamiento-natural-de-las-plagas-del-olivo\/","og_site_name":"Foro Agroferomonas","article_published_time":"2018-06-27T07:00:04+00:00","og_image":[{"width":600,"height":400,"url":"https:\/\/agroferomonas.com\/wp-content\/uploads\/2018\/06\/plagas_mas_comunes_del_olivo_y_su_tratamiento_natural_1400_0_600.jpg","type":"image\/jpeg"}],"author":"agroFer0Ad","twitter_card":"summary_large_image","twitter_misc":{"Written by":"agroFer0Ad","Estimated reading time":"4 minutes"},"schema":{"@context":"https:\/\/schema.org","@graph":[{"@type":"Article","@id":"https:\/\/agroferomonas.com\/el-tratamiento-natural-de-las-plagas-del-olivo\/#article","isPartOf":{"@id":"https:\/\/agroferomonas.com\/el-tratamiento-natural-de-las-plagas-del-olivo\/"},"author":{"name":"agroFer0Ad","@id":"https:\/\/agroferomonas.com\/#\/schema\/person\/ec343349ac181f9cc4645d7acd5d20e7"},"headline":"El tratamiento natural de las plagas del olivo","datePublished":"2018-06-27T07:00:04+00:00","dateModified":"2018-06-27T07:00:04+00:00","mainEntityOfPage":{"@id":"https:\/\/agroferomonas.com\/el-tratamiento-natural-de-las-plagas-del-olivo\/"},"wordCount":877,"commentCount":0,"publisher":{"@id":"https:\/\/agroferomonas.com\/#organization"},"articleSection":["noticias"],"inLanguage":"en-GB","potentialAction":[{"@type":"CommentAction","name":"Comment","target":["https:\/\/agroferomonas.com\/el-tratamiento-natural-de-las-plagas-del-olivo\/#respond"]}]},{"@type":"WebPage","@id":"https:\/\/agroferomonas.com\/el-tratamiento-natural-de-las-plagas-del-olivo\/","url":"https:\/\/agroferomonas.com\/el-tratamiento-natural-de-las-plagas-del-olivo\/","name":"El tratamiento natural de las plagas del olivo - Foro Agroferomonas","isPartOf":{"@id":"https:\/\/agroferomonas.com\/#website"},"datePublished":"2018-06-27T07:00:04+00:00","dateModified":"2018-06-27T07:00:04+00:00","breadcrumb":{"@id":"https:\/\/agroferomonas.com\/el-tratamiento-natural-de-las-plagas-del-olivo\/#breadcrumb"},"inLanguage":"en-GB","potentialAction":[{"@type":"ReadAction","target":["https:\/\/agroferomonas.com\/el-tratamiento-natural-de-las-plagas-del-olivo\/"]}]},{"@type":"BreadcrumbList","@id":"https:\/\/agroferomonas.com\/el-tratamiento-natural-de-las-plagas-del-olivo\/#breadcrumb","itemListElement":[{"@type":"ListItem","position":1,"name":"Portada","item":"https:\/\/agroferomonas.com\/"},{"@type":"ListItem","position":2,"name":"El tratamiento natural de las plagas del olivo"}]},{"@type":"WebSite","@id":"https:\/\/agroferomonas.com\/#website","url":"https:\/\/agroferomonas.com\/","name":"Foro Agroferomonas","description":"Control biol\u00f3gico, trampas y atrayentes","publisher":{"@id":"https:\/\/agroferomonas.com\/#organization"},"potentialAction":[{"@type":"SearchAction","target":{"@type":"EntryPoint","urlTemplate":"https:\/\/agroferomonas.com\/?s={search_term_string}"},"query-input":"required name=search_term_string"}],"inLanguage":"en-GB"},{"@type":"Organization","@id":"https:\/\/agroferomonas.com\/#organization","name":"Foro Agroferomonas","url":"https:\/\/agroferomonas.com\/","sameAs":[],"logo":{"@type":"ImageObject","inLanguage":"en-GB","@id":"https:\/\/agroferomonas.com\/#\/schema\/logo\/image\/","url":"https:\/\/agroferomonas.com\/wp-content\/uploads\/2022\/01\/logo-agroferomonas-2022-copia.png","contentUrl":"https:\/\/agroferomonas.com\/wp-content\/uploads\/2022\/01\/logo-agroferomonas-2022-copia.png","width":384,"height":108,"caption":"Foro Agroferomonas"},"image":{"@id":"https:\/\/agroferomonas.com\/#\/schema\/logo\/image\/"}},{"@type":"Person","@id":"https:\/\/agroferomonas.com\/#\/schema\/person\/ec343349ac181f9cc4645d7acd5d20e7","name":"agroFer0Ad","image":{"@type":"ImageObject","inLanguage":"en-GB","@id":"https:\/\/agroferomonas.com\/#\/schema\/person\/image\/","url":"https:\/\/secure.gravatar.com\/avatar\/e01cc45a5068b09b79cc122270fc93b9?s=96&d=mm&r=g","contentUrl":"https:\/\/secure.gravatar.com\/avatar\/e01cc45a5068b09b79cc122270fc93b9?s=96&d=mm&r=g","caption":"agroFer0Ad"},"url":"https:\/\/agroferomonas.com\/en\/author\/agrofer0ad\/"}]}},"_links":{"self":[{"href":"https:\/\/agroferomonas.com\/en\/wp-json\/wp\/v2\/posts\/5292"}],"collection":[{"href":"https:\/\/agroferomonas.com\/en\/wp-json\/wp\/v2\/posts"}],"about":[{"href":"https:\/\/agroferomonas.com\/en\/wp-json\/wp\/v2\/types\/post"}],"author":[{"embeddable":true,"href":"https:\/\/agroferomonas.com\/en\/wp-json\/wp\/v2\/users\/6"}],"replies":[{"embeddable":true,"href":"https:\/\/agroferomonas.com\/en\/wp-json\/wp\/v2\/comments?post=5292"}],"version-history":[{"count":0,"href":"https:\/\/agroferomonas.com\/en\/wp-json\/wp\/v2\/posts\/5292\/revisions"}],"wp:featuredmedia":[{"embeddable":true,"href":"https:\/\/agroferomonas.com\/en\/wp-json\/wp\/v2\/media\/5295"}],"wp:attachment":[{"href":"https:\/\/agroferomonas.com\/en\/wp-json\/wp\/v2\/media?parent=5292"}],"wp:term":[{"taxonomy":"category","embeddable":true,"href":"https:\/\/agroferomonas.com\/en\/wp-json\/wp\/v2\/categories?post=5292"},{"taxonomy":"post_tag","embeddable":true,"href":"https:\/\/agroferomonas.com\/en\/wp-json\/wp\/v2\/tags?post=5292"}],"curies":[{"name":"wp","href":"https:\/\/api.w.org\/{rel}","templated":true}]}}