{"id":5319,"date":"2018-06-27T10:09:53","date_gmt":"2018-06-27T08:09:53","guid":{"rendered":"http:\/\/agroferomonas.com\/?p=5319"},"modified":"2018-06-27T10:09:53","modified_gmt":"2018-06-27T08:09:53","slug":"zamora-aplica-productos-biologicos-para-evitar-plagas-en-los-plataneros-de-sombra","status":"publish","type":"post","link":"https:\/\/agroferomonas.com\/en\/zamora-aplica-productos-biologicos-para-evitar-plagas-en-los-plataneros-de-sombra\/","title":{"rendered":"Zamora aplica productos biol\u00f3gicos para evitar plagas en los plataneros de sombra"},"content":{"rendered":"<p>[et_pb_section bb_built=\u00bb1&#8243;][et_pb_row][et_pb_column type=\u00bb4_4&#8243;][et_pb_text _builder_version=\u00bb3.8&#8243;]<\/p>\n<blockquote>\n<h3>Se trata de un tratamiento inocuo que favorece la salud de las hojas, que se desarrollar\u00e1 durante tres noches<\/h3>\n<\/blockquote>\n<p style=\"text-align: justify;\"><img class=\"alignleft wp-image-5321\" src=\"https:\/\/agroferomonas.com\/wp-content\/uploads\/2018\/06\/rueda-de-prensa-concejal-de-zamora.jpg\" alt=\"\" width=\"500\" height=\"375\" srcset=\"https:\/\/agroferomonas.com\/wp-content\/uploads\/2018\/06\/rueda-de-prensa-concejal-de-zamora.jpg 700w, https:\/\/agroferomonas.com\/wp-content\/uploads\/2018\/06\/rueda-de-prensa-concejal-de-zamora-300x225.jpg 300w, https:\/\/agroferomonas.com\/wp-content\/uploads\/2018\/06\/rueda-de-prensa-concejal-de-zamora-600x450.jpg 600w\" sizes=\"(max-width: 500px) 100vw, 500px\" \/>El concejal de Medio Ambiente, Romualdo Fern\u00e1ndez, ha informado esta ma\u00f1ana del inicio de la campa\u00f1a de tratamiento del platanero en la ciudad con una mezcla de tres productos biol\u00f3gicos inocuos para el medio ambiente y que se va a desarrollar durante las pr\u00f3ximas tres noches con el objetivo de evitar plagas en este \u00e1rbol.<\/p>\n<p style=\"text-align: justify;\">Fern\u00e1ndez ha explicado que el tratamiento es a base de nutrientes y es el tercer a\u00f1o que se aplica, habiendo obtenido resultados positivos en las campa\u00f1as anteriores, pues su estado era \u201clamentable\u201d hace unos a\u00f1os y el a\u00f1o pasado ya ten\u00edan las hojas sanas y verdes, siendo \u00e9ste el mejor momento para llevar a cabo el tratamiento.<\/p>\n<p style=\"text-align: justify;\">La campa\u00f1a se llevar\u00e1 a cabo por las noches, pr\u00e1cticamente de madrugada, y si no finalizase en las pr\u00f3ximas tres noches se alargar\u00e1 una noche m\u00e1s.<\/p>\n<p>[\/et_pb_text][\/et_pb_column][\/et_pb_row][\/et_pb_section]    \t<\/p>","protected":false},"excerpt":{"rendered":"<p>[et_pb_section bb_built=\u00bb1&#8243;][et_pb_row][et_pb_column type=\u00bb4_4&#8243;][et_pb_text _builder_version=\u00bb3.8&#8243;] Se trata de un tratamiento inocuo que favorece la salud de las hojas, que se desarrollar\u00e1 durante tres noches El concejal de Medio Ambiente, Romualdo Fern\u00e1ndez, &#8230; <a title=\"Zamora aplica productos biol\u00f3gicos para evitar plagas en los plataneros de sombra\" class=\"read-more\" href=\"https:\/\/agroferomonas.com\/en\/zamora-aplica-productos-biologicos-para-evitar-plagas-en-los-plataneros-de-sombra\/\" aria-label=\"More on Zamora aplica productos biol\u00f3gicos para evitar plagas en los plataneros de sombra\" data-no-translation=\"\" data-trp-gettext=\"\">Read more<\/a><\/p>","protected":false},"author":6,"featured_media":5320,"comment_status":"open","ping_status":"open","sticky":false,"template":"","format":"standard","meta":{"_price":"","_stock":"","_tribe_ticket_header":"","_tribe_default_ticket_provider":"","_tribe_ticket_capacity":"0","_ticket_start_date":"","_ticket_end_date":"","_tribe_ticket_show_description":"","_tribe_ticket_show_not_going":false,"_tribe_ticket_use_global_stock":"","_tribe_ticket_global_stock_level":"","_global_stock_mode":"","_global_stock_cap":"","_tribe_rsvp_for_event":"","_tribe_ticket_going_count":"","_tribe_ticket_not_going_count":"","_tribe_tickets_list":[],"_tribe_ticket_has_attendee_info_fields":false},"categories":[29],"tags":[],"yoast_head":"<!-- This site is optimized with the Yoast SEO plugin v19.7.2 - https:\/\/yoast.com\/wordpress\/plugins\/seo\/ -->\n<title>Zamora aplica productos biol\u00f3gicos para evitar plagas en los plataneros de sombra - Foro Agroferomonas<\/title>\n<meta name=\"robots\" content=\"index, follow, max-snippet:-1, max-image-preview:large, max-video-preview:-1\" \/>\n<link rel=\"canonical\" href=\"https:\/\/agroferomonas.com\/en\/zamora-aplica-productos-biologicos-para-evitar-plagas-en-los-plataneros-de-sombra\/\" \/>\n<meta property=\"og:locale\" content=\"en_GB\" \/>\n<meta property=\"og:type\" content=\"article\" \/>\n<meta property=\"og:title\" content=\"Zamora aplica productos biol\u00f3gicos para evitar plagas en los plataneros de sombra - Foro Agroferomonas\" \/>\n<meta property=\"og:description\" content=\"[et_pb_section bb_built=\u00bb1&#8243;][et_pb_row][et_pb_column type=\u00bb4_4&#8243;][et_pb_text _builder_version=\u00bb3.8&#8243;] Se trata de un tratamiento inocuo que favorece la salud de las hojas, que se desarrollar\u00e1 durante tres noches El concejal de Medio Ambiente, Romualdo Fern\u00e1ndez, ... Read more\" \/>\n<meta property=\"og:url\" content=\"https:\/\/agroferomonas.com\/en\/zamora-aplica-productos-biologicos-para-evitar-plagas-en-los-plataneros-de-sombra\/\" \/>\n<meta property=\"og:site_name\" content=\"Foro Agroferomonas\" \/>\n<meta property=\"article:published_time\" content=\"2018-06-27T08:09:53+00:00\" \/>\n<meta property=\"og:image\" content=\"https:\/\/agroferomonas.com\/wp-content\/uploads\/2018\/06\/tigre-de-platano.jpg\" \/>\n\t<meta property=\"og:image:width\" content=\"800\" \/>\n\t<meta property=\"og:image:height\" content=\"600\" \/>\n\t<meta property=\"og:image:type\" content=\"image\/jpeg\" \/>\n<meta name=\"author\" content=\"agroFer0Ad\" \/>\n<meta name=\"twitter:card\" content=\"summary_large_image\" \/>\n<meta name=\"twitter:label1\" content=\"Written by\" \/>\n\t<meta name=\"twitter:data1\" content=\"agroFer0Ad\" \/>\n\t<meta name=\"twitter:label2\" content=\"Estimated reading time\" \/>\n\t<meta name=\"twitter:data2\" content=\"1 minute\" \/>\n<script type=\"application\/ld+json\" class=\"yoast-schema-graph\">{\"@context\":\"https:\/\/schema.org\",\"@graph\":[{\"@type\":\"Article\",\"@id\":\"https:\/\/agroferomonas.com\/zamora-aplica-productos-biologicos-para-evitar-plagas-en-los-plataneros-de-sombra\/#article\",\"isPartOf\":{\"@id\":\"https:\/\/agroferomonas.com\/zamora-aplica-productos-biologicos-para-evitar-plagas-en-los-plataneros-de-sombra\/\"},\"author\":{\"name\":\"agroFer0Ad\",\"@id\":\"https:\/\/agroferomonas.com\/#\/schema\/person\/ec343349ac181f9cc4645d7acd5d20e7\"},\"headline\":\"Zamora aplica productos biol\u00f3gicos para evitar plagas en los plataneros de sombra\",\"datePublished\":\"2018-06-27T08:09:53+00:00\",\"dateModified\":\"2018-06-27T08:09:53+00:00\",\"mainEntityOfPage\":{\"@id\":\"https:\/\/agroferomonas.com\/zamora-aplica-productos-biologicos-para-evitar-plagas-en-los-plataneros-de-sombra\/\"},\"wordCount\":214,\"commentCount\":0,\"publisher\":{\"@id\":\"https:\/\/agroferomonas.com\/#organization\"},\"articleSection\":[\"noticias\"],\"inLanguage\":\"en-GB\",\"potentialAction\":[{\"@type\":\"CommentAction\",\"name\":\"Comment\",\"target\":[\"https:\/\/agroferomonas.com\/zamora-aplica-productos-biologicos-para-evitar-plagas-en-los-plataneros-de-sombra\/#respond\"]}]},{\"@type\":\"WebPage\",\"@id\":\"https:\/\/agroferomonas.com\/zamora-aplica-productos-biologicos-para-evitar-plagas-en-los-plataneros-de-sombra\/\",\"url\":\"https:\/\/agroferomonas.com\/zamora-aplica-productos-biologicos-para-evitar-plagas-en-los-plataneros-de-sombra\/\",\"name\":\"Zamora aplica productos biol\u00f3gicos para evitar plagas en los plataneros de sombra - Foro Agroferomonas\",\"isPartOf\":{\"@id\":\"https:\/\/agroferomonas.com\/#website\"},\"datePublished\":\"2018-06-27T08:09:53+00:00\",\"dateModified\":\"2018-06-27T08:09:53+00:00\",\"breadcrumb\":{\"@id\":\"https:\/\/agroferomonas.com\/zamora-aplica-productos-biologicos-para-evitar-plagas-en-los-plataneros-de-sombra\/#breadcrumb\"},\"inLanguage\":\"en-GB\",\"potentialAction\":[{\"@type\":\"ReadAction\",\"target\":[\"https:\/\/agroferomonas.com\/zamora-aplica-productos-biologicos-para-evitar-plagas-en-los-plataneros-de-sombra\/\"]}]},{\"@type\":\"BreadcrumbList\",\"@id\":\"https:\/\/agroferomonas.com\/zamora-aplica-productos-biologicos-para-evitar-plagas-en-los-plataneros-de-sombra\/#breadcrumb\",\"itemListElement\":[{\"@type\":\"ListItem\",\"position\":1,\"name\":\"Portada\",\"item\":\"https:\/\/agroferomonas.com\/\"},{\"@type\":\"ListItem\",\"position\":2,\"name\":\"Zamora aplica productos biol\u00f3gicos para evitar plagas en los plataneros de sombra\"}]},{\"@type\":\"WebSite\",\"@id\":\"https:\/\/agroferomonas.com\/#website\",\"url\":\"https:\/\/agroferomonas.com\/\",\"name\":\"Foro Agroferomonas\",\"description\":\"Control biol\u00f3gico, trampas y atrayentes\",\"publisher\":{\"@id\":\"https:\/\/agroferomonas.com\/#organization\"},\"potentialAction\":[{\"@type\":\"SearchAction\",\"target\":{\"@type\":\"EntryPoint\",\"urlTemplate\":\"https:\/\/agroferomonas.com\/?s={search_term_string}\"},\"query-input\":\"required name=search_term_string\"}],\"inLanguage\":\"en-GB\"},{\"@type\":\"Organization\",\"@id\":\"https:\/\/agroferomonas.com\/#organization\",\"name\":\"Foro Agroferomonas\",\"url\":\"https:\/\/agroferomonas.com\/\",\"sameAs\":[],\"logo\":{\"@type\":\"ImageObject\",\"inLanguage\":\"en-GB\",\"@id\":\"https:\/\/agroferomonas.com\/#\/schema\/logo\/image\/\",\"url\":\"https:\/\/agroferomonas.com\/wp-content\/uploads\/2022\/01\/logo-agroferomonas-2022-copia.png\",\"contentUrl\":\"https:\/\/agroferomonas.com\/wp-content\/uploads\/2022\/01\/logo-agroferomonas-2022-copia.png\",\"width\":384,\"height\":108,\"caption\":\"Foro Agroferomonas\"},\"image\":{\"@id\":\"https:\/\/agroferomonas.com\/#\/schema\/logo\/image\/\"}},{\"@type\":\"Person\",\"@id\":\"https:\/\/agroferomonas.com\/#\/schema\/person\/ec343349ac181f9cc4645d7acd5d20e7\",\"name\":\"agroFer0Ad\",\"image\":{\"@type\":\"ImageObject\",\"inLanguage\":\"en-GB\",\"@id\":\"https:\/\/agroferomonas.com\/#\/schema\/person\/image\/\",\"url\":\"https:\/\/secure.gravatar.com\/avatar\/e01cc45a5068b09b79cc122270fc93b9?s=96&d=mm&r=g\",\"contentUrl\":\"https:\/\/secure.gravatar.com\/avatar\/e01cc45a5068b09b79cc122270fc93b9?s=96&d=mm&r=g\",\"caption\":\"agroFer0Ad\"},\"url\":\"https:\/\/agroferomonas.com\/en\/author\/agrofer0ad\/\"}]}<\/script>\n<!-- \/ Yoast SEO plugin. -->","yoast_head_json":{"title":"Zamora aplica productos biol\u00f3gicos para evitar plagas en los plataneros de sombra - Foro Agroferomonas","robots":{"index":"index","follow":"follow","max-snippet":"max-snippet:-1","max-image-preview":"max-image-preview:large","max-video-preview":"max-video-preview:-1"},"canonical":"https:\/\/agroferomonas.com\/en\/zamora-aplica-productos-biologicos-para-evitar-plagas-en-los-plataneros-de-sombra\/","og_locale":"en_GB","og_type":"article","og_title":"Zamora aplica productos biol\u00f3gicos para evitar plagas en los plataneros de sombra - Foro Agroferomonas","og_description":"[et_pb_section bb_built=\u00bb1&#8243;][et_pb_row][et_pb_column type=\u00bb4_4&#8243;][et_pb_text _builder_version=\u00bb3.8&#8243;] Se trata de un tratamiento inocuo que favorece la salud de las hojas, que se desarrollar\u00e1 durante tres noches El concejal de Medio Ambiente, Romualdo Fern\u00e1ndez, ... Read more","og_url":"https:\/\/agroferomonas.com\/en\/zamora-aplica-productos-biologicos-para-evitar-plagas-en-los-plataneros-de-sombra\/","og_site_name":"Foro Agroferomonas","article_published_time":"2018-06-27T08:09:53+00:00","og_image":[{"width":800,"height":600,"url":"https:\/\/agroferomonas.com\/wp-content\/uploads\/2018\/06\/tigre-de-platano.jpg","type":"image\/jpeg"}],"author":"agroFer0Ad","twitter_card":"summary_large_image","twitter_misc":{"Written by":"agroFer0Ad","Estimated reading time":"1 minute"},"schema":{"@context":"https:\/\/schema.org","@graph":[{"@type":"Article","@id":"https:\/\/agroferomonas.com\/zamora-aplica-productos-biologicos-para-evitar-plagas-en-los-plataneros-de-sombra\/#article","isPartOf":{"@id":"https:\/\/agroferomonas.com\/zamora-aplica-productos-biologicos-para-evitar-plagas-en-los-plataneros-de-sombra\/"},"author":{"name":"agroFer0Ad","@id":"https:\/\/agroferomonas.com\/#\/schema\/person\/ec343349ac181f9cc4645d7acd5d20e7"},"headline":"Zamora aplica productos biol\u00f3gicos para evitar plagas en los plataneros de sombra","datePublished":"2018-06-27T08:09:53+00:00","dateModified":"2018-06-27T08:09:53+00:00","mainEntityOfPage":{"@id":"https:\/\/agroferomonas.com\/zamora-aplica-productos-biologicos-para-evitar-plagas-en-los-plataneros-de-sombra\/"},"wordCount":214,"commentCount":0,"publisher":{"@id":"https:\/\/agroferomonas.com\/#organization"},"articleSection":["noticias"],"inLanguage":"en-GB","potentialAction":[{"@type":"CommentAction","name":"Comment","target":["https:\/\/agroferomonas.com\/zamora-aplica-productos-biologicos-para-evitar-plagas-en-los-plataneros-de-sombra\/#respond"]}]},{"@type":"WebPage","@id":"https:\/\/agroferomonas.com\/zamora-aplica-productos-biologicos-para-evitar-plagas-en-los-plataneros-de-sombra\/","url":"https:\/\/agroferomonas.com\/zamora-aplica-productos-biologicos-para-evitar-plagas-en-los-plataneros-de-sombra\/","name":"Zamora aplica productos biol\u00f3gicos para evitar plagas en los plataneros de sombra - Foro Agroferomonas","isPartOf":{"@id":"https:\/\/agroferomonas.com\/#website"},"datePublished":"2018-06-27T08:09:53+00:00","dateModified":"2018-06-27T08:09:53+00:00","breadcrumb":{"@id":"https:\/\/agroferomonas.com\/zamora-aplica-productos-biologicos-para-evitar-plagas-en-los-plataneros-de-sombra\/#breadcrumb"},"inLanguage":"en-GB","potentialAction":[{"@type":"ReadAction","target":["https:\/\/agroferomonas.com\/zamora-aplica-productos-biologicos-para-evitar-plagas-en-los-plataneros-de-sombra\/"]}]},{"@type":"BreadcrumbList","@id":"https:\/\/agroferomonas.com\/zamora-aplica-productos-biologicos-para-evitar-plagas-en-los-plataneros-de-sombra\/#breadcrumb","itemListElement":[{"@type":"ListItem","position":1,"name":"Portada","item":"https:\/\/agroferomonas.com\/"},{"@type":"ListItem","position":2,"name":"Zamora aplica productos biol\u00f3gicos para evitar plagas en los plataneros de sombra"}]},{"@type":"WebSite","@id":"https:\/\/agroferomonas.com\/#website","url":"https:\/\/agroferomonas.com\/","name":"Foro Agroferomonas","description":"Control biol\u00f3gico, trampas y atrayentes","publisher":{"@id":"https:\/\/agroferomonas.com\/#organization"},"potentialAction":[{"@type":"SearchAction","target":{"@type":"EntryPoint","urlTemplate":"https:\/\/agroferomonas.com\/?s={search_term_string}"},"query-input":"required name=search_term_string"}],"inLanguage":"en-GB"},{"@type":"Organization","@id":"https:\/\/agroferomonas.com\/#organization","name":"Foro Agroferomonas","url":"https:\/\/agroferomonas.com\/","sameAs":[],"logo":{"@type":"ImageObject","inLanguage":"en-GB","@id":"https:\/\/agroferomonas.com\/#\/schema\/logo\/image\/","url":"https:\/\/agroferomonas.com\/wp-content\/uploads\/2022\/01\/logo-agroferomonas-2022-copia.png","contentUrl":"https:\/\/agroferomonas.com\/wp-content\/uploads\/2022\/01\/logo-agroferomonas-2022-copia.png","width":384,"height":108,"caption":"Foro Agroferomonas"},"image":{"@id":"https:\/\/agroferomonas.com\/#\/schema\/logo\/image\/"}},{"@type":"Person","@id":"https:\/\/agroferomonas.com\/#\/schema\/person\/ec343349ac181f9cc4645d7acd5d20e7","name":"agroFer0Ad","image":{"@type":"ImageObject","inLanguage":"en-GB","@id":"https:\/\/agroferomonas.com\/#\/schema\/person\/image\/","url":"https:\/\/secure.gravatar.com\/avatar\/e01cc45a5068b09b79cc122270fc93b9?s=96&d=mm&r=g","contentUrl":"https:\/\/secure.gravatar.com\/avatar\/e01cc45a5068b09b79cc122270fc93b9?s=96&d=mm&r=g","caption":"agroFer0Ad"},"url":"https:\/\/agroferomonas.com\/en\/author\/agrofer0ad\/"}]}},"_links":{"self":[{"href":"https:\/\/agroferomonas.com\/en\/wp-json\/wp\/v2\/posts\/5319"}],"collection":[{"href":"https:\/\/agroferomonas.com\/en\/wp-json\/wp\/v2\/posts"}],"about":[{"href":"https:\/\/agroferomonas.com\/en\/wp-json\/wp\/v2\/types\/post"}],"author":[{"embeddable":true,"href":"https:\/\/agroferomonas.com\/en\/wp-json\/wp\/v2\/users\/6"}],"replies":[{"embeddable":true,"href":"https:\/\/agroferomonas.com\/en\/wp-json\/wp\/v2\/comments?post=5319"}],"version-history":[{"count":0,"href":"https:\/\/agroferomonas.com\/en\/wp-json\/wp\/v2\/posts\/5319\/revisions"}],"wp:featuredmedia":[{"embeddable":true,"href":"https:\/\/agroferomonas.com\/en\/wp-json\/wp\/v2\/media\/5320"}],"wp:attachment":[{"href":"https:\/\/agroferomonas.com\/en\/wp-json\/wp\/v2\/media?parent=5319"}],"wp:term":[{"taxonomy":"category","embeddable":true,"href":"https:\/\/agroferomonas.com\/en\/wp-json\/wp\/v2\/categories?post=5319"},{"taxonomy":"post_tag","embeddable":true,"href":"https:\/\/agroferomonas.com\/en\/wp-json\/wp\/v2\/tags?post=5319"}],"curies":[{"name":"wp","href":"https:\/\/api.w.org\/{rel}","templated":true}]}}