{"id":5340,"date":"2018-07-04T09:22:23","date_gmt":"2018-07-04T07:22:23","guid":{"rendered":"http:\/\/agroferomonas.com\/?p=5340"},"modified":"2018-07-04T09:22:23","modified_gmt":"2018-07-04T07:22:23","slug":"valdepenas-utiliza-un-metodo-biologico-para-acabar-con-las-plagas","status":"publish","type":"post","link":"https:\/\/agroferomonas.com\/en\/valdepenas-utiliza-un-metodo-biologico-para-acabar-con-las-plagas\/","title":{"rendered":"Valdepe\u00f1as utiliza un m\u00e9todo biol\u00f3gico para acabar con las plagas"},"content":{"rendered":"<p>[et_pb_section bb_built=\u00bb1&#8243;][et_pb_row][et_pb_column type=\u00bb4_4&#8243;][et_pb_text _builder_version=\u00bb3.8&#8243;]<\/p>\n<blockquote>\n<h3 style=\"text-align: justify;\">Se trata de combatir el pulg\u00f3n con la suelta de insectos inofensivos para los seres humanos y los animales<\/h3>\n<\/blockquote>\n<p style=\"text-align: justify;\">\nEl Ayuntamiento de Valdepe\u00f1as va a utilizar un m\u00e9todo biol\u00f3gico con la larva de la adalia bipunctata, conocida popularmente como mariquita, y otros insectos para acabar con las plagas del pulg\u00f3n y los inconvenientes que generan por la suciedad que producen.<\/p>\n<p style=\"text-align: justify;\">\n<figure id=\"attachment_5353\" aria-describedby=\"caption-attachment-5353\" style=\"width: 490px\" class=\"wp-caption alignleft\"><img class=\"wp-image-5353\" src=\"https:\/\/agroferomonas.com\/wp-content\/uploads\/2018\/07\/adaia.jpg\" alt=\"\" width=\"500\" height=\"395\" srcset=\"https:\/\/agroferomonas.com\/wp-content\/uploads\/2018\/07\/adaia.jpg 612w, https:\/\/agroferomonas.com\/wp-content\/uploads\/2018\/07\/adaia-300x237.jpg 300w, https:\/\/agroferomonas.com\/wp-content\/uploads\/2018\/07\/adaia-600x474.jpg 600w\" sizes=\"(max-width: 500px) 100vw, 500px\" \/><figcaption id=\"caption-attachment-5353\" class=\"wp-caption-text\">Adalia bipunctata (mariquitas), uno de los insectos cuya suelta sirve para combatir al pulg\u00f3n<\/figcaption><\/figure>\n<p style=\"text-align: justify;\">Despu\u00e9s de la exitosa prueba piloto realizada hace justo un a\u00f1o, el Ayuntamiento ha iniciado la aplicaci\u00f3n de este tratamiento biol\u00f3gico contra el pulg\u00f3n con la suelta de 200 unidades de la adalia bipunctata para aprovechar su capacidad depredadora, as\u00ed como la del Aphidius colemani del que se soltar\u00e1n 10.000 unidades, y de la chrysoperla carnea de la que se dejar\u00e1n en zonas verdes 1.000 unidades, todos inofensivos para los seres humanos y animales, seg\u00fan ha informado el Consistorio en nota de prensa.<\/p>\n<p style=\"text-align: justify;\">\n\u00abEs un m\u00e9todo alternativo en el que se van a utilizar una fauna auxiliar o unos insectos beneficiosos porque con ellos se consigue eliminar una plaga\u00bb, ha explicado la teniente de alcalde de Medio Ambiente y Agricultura, Amparo Crespo, que apuntaba que se ha elegido este control de plagas biol\u00f3gico porque \u00abadem\u00e1s de verlo muy interesante es mucho m\u00e1s f\u00e1cil para el ciudadano y menos agresivo que cualquier fitosanitario, porque lo podemos hacer a pleno d\u00eda, no es necesario cercar ninguna zona y pueden pasar los ciudadanos y sus mascotas, porque no es peligroso para ning\u00fan ser viviente\u00bb.<\/p>\n<p style=\"text-align: justify;\">\nEl ciclo de vida de estos insectos suele ser de 15 d\u00edas, periodo en el que aprovechan acabar con los pulgones dado a su car\u00e1cter depredador o como par\u00e1sitos que depositan sus huevos en el interior del pulg\u00f3n, acabando con ellos. La ingeniera t\u00e9cnica industrial Paula Artime ha explicado durante la suelta de estos insectos que con este m\u00e9todo \u00abequilibras las poblaciones tanto de las plagas como de la fauna \u00fatil que se utiliza, de tal manera que no aparecen resistencias y al final es lo m\u00e1s parecido a lo que se encuentra en la naturaleza pero en la ciudad\u00bb.<\/p>\n<p style=\"text-align: justify;\">\nEste tratamiento biol\u00f3gico se aplicar\u00e1 en diferentes espacios de la ciudad como las rosaledas de la Avenida 1\u00ba de Julio, Avenida Luis Palacios, Calle Virgen, Plazoleta de la Veracruz, Cristo y en las hiedras del colegio p\u00fablico Lorenzo Medina.<br \/>\nEl teniente de alcalde de Medio Ambiente y Agricultura ha destacado que desde hace cuatro a\u00f1os se vienen empleando tratamientos innovadores para evitar las enfermedades en \u00e1rboles y plantas, recurriendo a m\u00e9todos como la endoterapia o a trampas de feromonas.<\/p>\n<p>[\/et_pb_text][\/et_pb_column][\/et_pb_row][\/et_pb_section]    \t<\/p>","protected":false},"excerpt":{"rendered":"<p>[et_pb_section bb_built=\u00bb1&#8243;][et_pb_row][et_pb_column type=\u00bb4_4&#8243;][et_pb_text _builder_version=\u00bb3.8&#8243;] Se trata de combatir el pulg\u00f3n con la suelta de insectos inofensivos para los seres humanos y los animales El Ayuntamiento de Valdepe\u00f1as va a utilizar &#8230; <a title=\"Valdepe\u00f1as utiliza un m\u00e9todo biol\u00f3gico para acabar con las plagas\" class=\"read-more\" href=\"https:\/\/agroferomonas.com\/en\/valdepenas-utiliza-un-metodo-biologico-para-acabar-con-las-plagas\/\" aria-label=\"More on Valdepe\u00f1as utiliza un m\u00e9todo biol\u00f3gico para acabar con las plagas\" data-no-translation=\"\" data-trp-gettext=\"\">Read more<\/a><\/p>","protected":false},"author":6,"featured_media":5352,"comment_status":"open","ping_status":"open","sticky":false,"template":"","format":"standard","meta":{"_price":"","_stock":"","_tribe_ticket_header":"","_tribe_default_ticket_provider":"","_tribe_ticket_capacity":"0","_ticket_start_date":"","_ticket_end_date":"","_tribe_ticket_show_description":"","_tribe_ticket_show_not_going":false,"_tribe_ticket_use_global_stock":"","_tribe_ticket_global_stock_level":"","_global_stock_mode":"","_global_stock_cap":"","_tribe_rsvp_for_event":"","_tribe_ticket_going_count":"","_tribe_ticket_not_going_count":"","_tribe_tickets_list":[],"_tribe_ticket_has_attendee_info_fields":false},"categories":[29],"tags":[],"yoast_head":"<!-- This site is optimized with the Yoast SEO plugin v19.7.2 - https:\/\/yoast.com\/wordpress\/plugins\/seo\/ -->\n<title>Valdepe\u00f1as utiliza un m\u00e9todo biol\u00f3gico para acabar con las plagas - Foro Agroferomonas<\/title>\n<meta name=\"robots\" content=\"index, follow, max-snippet:-1, max-image-preview:large, max-video-preview:-1\" \/>\n<link rel=\"canonical\" href=\"https:\/\/agroferomonas.com\/en\/valdepenas-utiliza-un-metodo-biologico-para-acabar-con-las-plagas\/\" \/>\n<meta property=\"og:locale\" content=\"en_GB\" \/>\n<meta property=\"og:type\" content=\"article\" \/>\n<meta property=\"og:title\" content=\"Valdepe\u00f1as utiliza un m\u00e9todo biol\u00f3gico para acabar con las plagas - Foro Agroferomonas\" \/>\n<meta property=\"og:description\" content=\"[et_pb_section bb_built=\u00bb1&#8243;][et_pb_row][et_pb_column type=\u00bb4_4&#8243;][et_pb_text _builder_version=\u00bb3.8&#8243;] Se trata de combatir el pulg\u00f3n con la suelta de insectos inofensivos para los seres humanos y los animales El Ayuntamiento de Valdepe\u00f1as va a utilizar ... Read more\" \/>\n<meta property=\"og:url\" content=\"https:\/\/agroferomonas.com\/en\/valdepenas-utiliza-un-metodo-biologico-para-acabar-con-las-plagas\/\" \/>\n<meta property=\"og:site_name\" content=\"Foro Agroferomonas\" \/>\n<meta property=\"article:published_time\" content=\"2018-07-04T07:22:23+00:00\" \/>\n<meta property=\"og:image\" content=\"https:\/\/agroferomonas.com\/wp-content\/uploads\/2018\/07\/Valdepenas.jpg\" \/>\n\t<meta property=\"og:image:width\" content=\"670\" \/>\n\t<meta property=\"og:image:height\" content=\"377\" \/>\n\t<meta property=\"og:image:type\" content=\"image\/jpeg\" \/>\n<meta name=\"author\" content=\"agroFer0Ad\" \/>\n<meta name=\"twitter:card\" content=\"summary_large_image\" \/>\n<meta name=\"twitter:label1\" content=\"Written by\" \/>\n\t<meta name=\"twitter:data1\" content=\"agroFer0Ad\" \/>\n\t<meta name=\"twitter:label2\" content=\"Estimated reading time\" \/>\n\t<meta name=\"twitter:data2\" content=\"2 minutes\" \/>\n<script type=\"application\/ld+json\" class=\"yoast-schema-graph\">{\"@context\":\"https:\/\/schema.org\",\"@graph\":[{\"@type\":\"Article\",\"@id\":\"https:\/\/agroferomonas.com\/valdepenas-utiliza-un-metodo-biologico-para-acabar-con-las-plagas\/#article\",\"isPartOf\":{\"@id\":\"https:\/\/agroferomonas.com\/valdepenas-utiliza-un-metodo-biologico-para-acabar-con-las-plagas\/\"},\"author\":{\"name\":\"agroFer0Ad\",\"@id\":\"https:\/\/agroferomonas.com\/#\/schema\/person\/ec343349ac181f9cc4645d7acd5d20e7\"},\"headline\":\"Valdepe\u00f1as utiliza un m\u00e9todo biol\u00f3gico para acabar con las plagas\",\"datePublished\":\"2018-07-04T07:22:23+00:00\",\"dateModified\":\"2018-07-04T07:22:23+00:00\",\"mainEntityOfPage\":{\"@id\":\"https:\/\/agroferomonas.com\/valdepenas-utiliza-un-metodo-biologico-para-acabar-con-las-plagas\/\"},\"wordCount\":510,\"commentCount\":0,\"publisher\":{\"@id\":\"https:\/\/agroferomonas.com\/#organization\"},\"articleSection\":[\"noticias\"],\"inLanguage\":\"en-GB\",\"potentialAction\":[{\"@type\":\"CommentAction\",\"name\":\"Comment\",\"target\":[\"https:\/\/agroferomonas.com\/valdepenas-utiliza-un-metodo-biologico-para-acabar-con-las-plagas\/#respond\"]}]},{\"@type\":\"WebPage\",\"@id\":\"https:\/\/agroferomonas.com\/valdepenas-utiliza-un-metodo-biologico-para-acabar-con-las-plagas\/\",\"url\":\"https:\/\/agroferomonas.com\/valdepenas-utiliza-un-metodo-biologico-para-acabar-con-las-plagas\/\",\"name\":\"Valdepe\u00f1as utiliza un m\u00e9todo biol\u00f3gico para acabar con las plagas - Foro Agroferomonas\",\"isPartOf\":{\"@id\":\"https:\/\/agroferomonas.com\/#website\"},\"datePublished\":\"2018-07-04T07:22:23+00:00\",\"dateModified\":\"2018-07-04T07:22:23+00:00\",\"breadcrumb\":{\"@id\":\"https:\/\/agroferomonas.com\/valdepenas-utiliza-un-metodo-biologico-para-acabar-con-las-plagas\/#breadcrumb\"},\"inLanguage\":\"en-GB\",\"potentialAction\":[{\"@type\":\"ReadAction\",\"target\":[\"https:\/\/agroferomonas.com\/valdepenas-utiliza-un-metodo-biologico-para-acabar-con-las-plagas\/\"]}]},{\"@type\":\"BreadcrumbList\",\"@id\":\"https:\/\/agroferomonas.com\/valdepenas-utiliza-un-metodo-biologico-para-acabar-con-las-plagas\/#breadcrumb\",\"itemListElement\":[{\"@type\":\"ListItem\",\"position\":1,\"name\":\"Portada\",\"item\":\"https:\/\/agroferomonas.com\/\"},{\"@type\":\"ListItem\",\"position\":2,\"name\":\"Valdepe\u00f1as utiliza un m\u00e9todo biol\u00f3gico para acabar con las plagas\"}]},{\"@type\":\"WebSite\",\"@id\":\"https:\/\/agroferomonas.com\/#website\",\"url\":\"https:\/\/agroferomonas.com\/\",\"name\":\"Foro Agroferomonas\",\"description\":\"Control biol\u00f3gico, trampas y atrayentes\",\"publisher\":{\"@id\":\"https:\/\/agroferomonas.com\/#organization\"},\"potentialAction\":[{\"@type\":\"SearchAction\",\"target\":{\"@type\":\"EntryPoint\",\"urlTemplate\":\"https:\/\/agroferomonas.com\/?s={search_term_string}\"},\"query-input\":\"required name=search_term_string\"}],\"inLanguage\":\"en-GB\"},{\"@type\":\"Organization\",\"@id\":\"https:\/\/agroferomonas.com\/#organization\",\"name\":\"Foro Agroferomonas\",\"url\":\"https:\/\/agroferomonas.com\/\",\"sameAs\":[],\"logo\":{\"@type\":\"ImageObject\",\"inLanguage\":\"en-GB\",\"@id\":\"https:\/\/agroferomonas.com\/#\/schema\/logo\/image\/\",\"url\":\"https:\/\/agroferomonas.com\/wp-content\/uploads\/2022\/01\/logo-agroferomonas-2022-copia.png\",\"contentUrl\":\"https:\/\/agroferomonas.com\/wp-content\/uploads\/2022\/01\/logo-agroferomonas-2022-copia.png\",\"width\":384,\"height\":108,\"caption\":\"Foro Agroferomonas\"},\"image\":{\"@id\":\"https:\/\/agroferomonas.com\/#\/schema\/logo\/image\/\"}},{\"@type\":\"Person\",\"@id\":\"https:\/\/agroferomonas.com\/#\/schema\/person\/ec343349ac181f9cc4645d7acd5d20e7\",\"name\":\"agroFer0Ad\",\"image\":{\"@type\":\"ImageObject\",\"inLanguage\":\"en-GB\",\"@id\":\"https:\/\/agroferomonas.com\/#\/schema\/person\/image\/\",\"url\":\"https:\/\/secure.gravatar.com\/avatar\/e01cc45a5068b09b79cc122270fc93b9?s=96&d=mm&r=g\",\"contentUrl\":\"https:\/\/secure.gravatar.com\/avatar\/e01cc45a5068b09b79cc122270fc93b9?s=96&d=mm&r=g\",\"caption\":\"agroFer0Ad\"},\"url\":\"https:\/\/agroferomonas.com\/en\/author\/agrofer0ad\/\"}]}<\/script>\n<!-- \/ Yoast SEO plugin. -->","yoast_head_json":{"title":"Valdepe\u00f1as utiliza un m\u00e9todo biol\u00f3gico para acabar con las plagas - Foro Agroferomonas","robots":{"index":"index","follow":"follow","max-snippet":"max-snippet:-1","max-image-preview":"max-image-preview:large","max-video-preview":"max-video-preview:-1"},"canonical":"https:\/\/agroferomonas.com\/en\/valdepenas-utiliza-un-metodo-biologico-para-acabar-con-las-plagas\/","og_locale":"en_GB","og_type":"article","og_title":"Valdepe\u00f1as utiliza un m\u00e9todo biol\u00f3gico para acabar con las plagas - Foro Agroferomonas","og_description":"[et_pb_section bb_built=\u00bb1&#8243;][et_pb_row][et_pb_column type=\u00bb4_4&#8243;][et_pb_text _builder_version=\u00bb3.8&#8243;] Se trata de combatir el pulg\u00f3n con la suelta de insectos inofensivos para los seres humanos y los animales El Ayuntamiento de Valdepe\u00f1as va a utilizar ... Read more","og_url":"https:\/\/agroferomonas.com\/en\/valdepenas-utiliza-un-metodo-biologico-para-acabar-con-las-plagas\/","og_site_name":"Foro Agroferomonas","article_published_time":"2018-07-04T07:22:23+00:00","og_image":[{"width":670,"height":377,"url":"https:\/\/agroferomonas.com\/wp-content\/uploads\/2018\/07\/Valdepenas.jpg","type":"image\/jpeg"}],"author":"agroFer0Ad","twitter_card":"summary_large_image","twitter_misc":{"Written by":"agroFer0Ad","Estimated reading time":"2 minutes"},"schema":{"@context":"https:\/\/schema.org","@graph":[{"@type":"Article","@id":"https:\/\/agroferomonas.com\/valdepenas-utiliza-un-metodo-biologico-para-acabar-con-las-plagas\/#article","isPartOf":{"@id":"https:\/\/agroferomonas.com\/valdepenas-utiliza-un-metodo-biologico-para-acabar-con-las-plagas\/"},"author":{"name":"agroFer0Ad","@id":"https:\/\/agroferomonas.com\/#\/schema\/person\/ec343349ac181f9cc4645d7acd5d20e7"},"headline":"Valdepe\u00f1as utiliza un m\u00e9todo biol\u00f3gico para acabar con las plagas","datePublished":"2018-07-04T07:22:23+00:00","dateModified":"2018-07-04T07:22:23+00:00","mainEntityOfPage":{"@id":"https:\/\/agroferomonas.com\/valdepenas-utiliza-un-metodo-biologico-para-acabar-con-las-plagas\/"},"wordCount":510,"commentCount":0,"publisher":{"@id":"https:\/\/agroferomonas.com\/#organization"},"articleSection":["noticias"],"inLanguage":"en-GB","potentialAction":[{"@type":"CommentAction","name":"Comment","target":["https:\/\/agroferomonas.com\/valdepenas-utiliza-un-metodo-biologico-para-acabar-con-las-plagas\/#respond"]}]},{"@type":"WebPage","@id":"https:\/\/agroferomonas.com\/valdepenas-utiliza-un-metodo-biologico-para-acabar-con-las-plagas\/","url":"https:\/\/agroferomonas.com\/valdepenas-utiliza-un-metodo-biologico-para-acabar-con-las-plagas\/","name":"Valdepe\u00f1as utiliza un m\u00e9todo biol\u00f3gico para acabar con las plagas - Foro Agroferomonas","isPartOf":{"@id":"https:\/\/agroferomonas.com\/#website"},"datePublished":"2018-07-04T07:22:23+00:00","dateModified":"2018-07-04T07:22:23+00:00","breadcrumb":{"@id":"https:\/\/agroferomonas.com\/valdepenas-utiliza-un-metodo-biologico-para-acabar-con-las-plagas\/#breadcrumb"},"inLanguage":"en-GB","potentialAction":[{"@type":"ReadAction","target":["https:\/\/agroferomonas.com\/valdepenas-utiliza-un-metodo-biologico-para-acabar-con-las-plagas\/"]}]},{"@type":"BreadcrumbList","@id":"https:\/\/agroferomonas.com\/valdepenas-utiliza-un-metodo-biologico-para-acabar-con-las-plagas\/#breadcrumb","itemListElement":[{"@type":"ListItem","position":1,"name":"Portada","item":"https:\/\/agroferomonas.com\/"},{"@type":"ListItem","position":2,"name":"Valdepe\u00f1as utiliza un m\u00e9todo biol\u00f3gico para acabar con las plagas"}]},{"@type":"WebSite","@id":"https:\/\/agroferomonas.com\/#website","url":"https:\/\/agroferomonas.com\/","name":"Foro Agroferomonas","description":"Control biol\u00f3gico, trampas y atrayentes","publisher":{"@id":"https:\/\/agroferomonas.com\/#organization"},"potentialAction":[{"@type":"SearchAction","target":{"@type":"EntryPoint","urlTemplate":"https:\/\/agroferomonas.com\/?s={search_term_string}"},"query-input":"required name=search_term_string"}],"inLanguage":"en-GB"},{"@type":"Organization","@id":"https:\/\/agroferomonas.com\/#organization","name":"Foro Agroferomonas","url":"https:\/\/agroferomonas.com\/","sameAs":[],"logo":{"@type":"ImageObject","inLanguage":"en-GB","@id":"https:\/\/agroferomonas.com\/#\/schema\/logo\/image\/","url":"https:\/\/agroferomonas.com\/wp-content\/uploads\/2022\/01\/logo-agroferomonas-2022-copia.png","contentUrl":"https:\/\/agroferomonas.com\/wp-content\/uploads\/2022\/01\/logo-agroferomonas-2022-copia.png","width":384,"height":108,"caption":"Foro Agroferomonas"},"image":{"@id":"https:\/\/agroferomonas.com\/#\/schema\/logo\/image\/"}},{"@type":"Person","@id":"https:\/\/agroferomonas.com\/#\/schema\/person\/ec343349ac181f9cc4645d7acd5d20e7","name":"agroFer0Ad","image":{"@type":"ImageObject","inLanguage":"en-GB","@id":"https:\/\/agroferomonas.com\/#\/schema\/person\/image\/","url":"https:\/\/secure.gravatar.com\/avatar\/e01cc45a5068b09b79cc122270fc93b9?s=96&d=mm&r=g","contentUrl":"https:\/\/secure.gravatar.com\/avatar\/e01cc45a5068b09b79cc122270fc93b9?s=96&d=mm&r=g","caption":"agroFer0Ad"},"url":"https:\/\/agroferomonas.com\/en\/author\/agrofer0ad\/"}]}},"_links":{"self":[{"href":"https:\/\/agroferomonas.com\/en\/wp-json\/wp\/v2\/posts\/5340"}],"collection":[{"href":"https:\/\/agroferomonas.com\/en\/wp-json\/wp\/v2\/posts"}],"about":[{"href":"https:\/\/agroferomonas.com\/en\/wp-json\/wp\/v2\/types\/post"}],"author":[{"embeddable":true,"href":"https:\/\/agroferomonas.com\/en\/wp-json\/wp\/v2\/users\/6"}],"replies":[{"embeddable":true,"href":"https:\/\/agroferomonas.com\/en\/wp-json\/wp\/v2\/comments?post=5340"}],"version-history":[{"count":0,"href":"https:\/\/agroferomonas.com\/en\/wp-json\/wp\/v2\/posts\/5340\/revisions"}],"wp:featuredmedia":[{"embeddable":true,"href":"https:\/\/agroferomonas.com\/en\/wp-json\/wp\/v2\/media\/5352"}],"wp:attachment":[{"href":"https:\/\/agroferomonas.com\/en\/wp-json\/wp\/v2\/media?parent=5340"}],"wp:term":[{"taxonomy":"category","embeddable":true,"href":"https:\/\/agroferomonas.com\/en\/wp-json\/wp\/v2\/categories?post=5340"},{"taxonomy":"post_tag","embeddable":true,"href":"https:\/\/agroferomonas.com\/en\/wp-json\/wp\/v2\/tags?post=5340"}],"curies":[{"name":"wp","href":"https:\/\/api.w.org\/{rel}","templated":true}]}}