{"id":5378,"date":"2018-07-06T09:54:03","date_gmt":"2018-07-06T07:54:03","guid":{"rendered":"http:\/\/agroferomonas.com\/?p=5378"},"modified":"2018-07-06T09:54:03","modified_gmt":"2018-07-06T07:54:03","slug":"se-combate-la-polilla-de-la-vid-con-tecnicas-de-control-biologico","status":"publish","type":"post","link":"https:\/\/agroferomonas.com\/en\/se-combate-la-polilla-de-la-vid-con-tecnicas-de-control-biologico\/","title":{"rendered":"Se combate la polilla de la vid con t\u00e9cnicas de control biol\u00f3gico"},"content":{"rendered":"<p>[et_pb_section bb_built=\u00bb1&#8243;][et_pb_row][et_pb_column type=\u00bb4_4&#8243;][et_pb_text _builder_version=\u00bb3.8&#8243;]<\/p>\n<blockquote>\n<h3 style=\"text-align: justify;\">Estudios bioecol\u00f3gicos puestos en marcha por investigadores del INTA Mendoza, permiten describir las etapas de desarrollo biol\u00f3gico del insecto, principal plaga de los vi\u00f1edos que disminuye rindes y deteriora la calidad de los frutos.<\/h3>\n<\/blockquote>\n<p style=\"text-align: justify;\">La polilla europea del racimo, Lobesia botrana Den et Schiff., es a\u00fan una plaga cuarentenaria -que ingresa desde un pa\u00eds a otro donde no exist\u00eda y se mantiene restringida a una regi\u00f3n- para la Argentina. Si bien la presencia del insecto tiene epicentro en las plantaciones de vid de Mendoza -lugar donde fue detectado por primera vez en 2010 a trav\u00e9s de material vegetal proveniente de Chile-, se hall\u00f3 en producciones de uvas en San Juan y Salta, de berries en Mendoza y de ar\u00e1ndanos en Entre R\u00edos. En Chile, hay focos en ciruelos.<\/p>\n<figure id=\"attachment_5381\" aria-describedby=\"caption-attachment-5381\" style=\"width: 340px\" class=\"wp-caption alignleft\"><img class=\"wp-image-5381 size-full\" src=\"https:\/\/agroferomonas.com\/wp-content\/uploads\/2018\/07\/Lobesia_botrana.jpg\" alt=\"\" width=\"350\" height=\"233\" srcset=\"https:\/\/agroferomonas.com\/wp-content\/uploads\/2018\/07\/Lobesia_botrana.jpg 350w, https:\/\/agroferomonas.com\/wp-content\/uploads\/2018\/07\/Lobesia_botrana-300x200.jpg 300w\" sizes=\"(max-width: 350px) 100vw, 350px\" \/><figcaption id=\"caption-attachment-5381\" class=\"wp-caption-text\">Lobesia_botrana<\/figcaption><\/figure>\n<p style=\"text-align: justify;\">\u00abUna plaga puede permanecer en estado cuarentenario a trav\u00e9s de diferentes niveles de confinamiento tras el ingreso a un pa\u00eds, y, por su condici\u00f3n, est\u00e1 bajo reglamentaci\u00f3n de programas p\u00fablicos de erradicaci\u00f3n\u00bb, aclar\u00f3 Violeta Becerra, responsable del Laboratorio de Fitofarmacia y Manejo Integrado de Plagas del INTA Mendoza.<\/p>\n<p style=\"text-align: justify;\">Pese a las apariciones en otros cultivos y regiones, la Lobesia botrana afecta -principalmente- el rinde y calidad de los vi\u00f1edos y su control exige -en muchos casos- aplicaciones de insumos, bien ajustadas para evitar la acumulaci\u00f3n de residuos en la fruta que podr\u00edan provocar el rechazo comercial en los mercados.<\/p>\n<p style=\"text-align: justify;\">En esta l\u00ednea, investigadores del INTA Mendoza describieron las etapas de desarrollo biol\u00f3gico del insecto y su comportamiento. Eval\u00faan la eficacia del tratamiento con feromonas -derivado de la T\u00e9cnica de Confusi\u00f3n Sexual, la alternativa de control m\u00e1s sustentable hasta el momento- y analizan indicadores de impacto ambiental de distintas estrategias: org\u00e1nicas, fitosanitarias y de manejo integrado de plagas con enemigos naturales.<\/p>\n<p style=\"text-align: justify;\">Lograr un manejo eficaz y sustentable de esta plaga requiere \u00abconocer su bioecolog\u00eda a trav\u00e9s del a\u00f1o, la presencia de enemigos naturales, las posibles medidas culturales y las herramientas qu\u00edmicas, biol\u00f3gicas o biot\u00e9cnicas disponibles que permitan disminuir los da\u00f1os por debajo de los niveles econ\u00f3micos\u00bb, se\u00f1al\u00f3 Becerra.<\/p>\n<p style=\"text-align: justify;\">As\u00ed, destac\u00f3 que \u00abel reconocimiento a campo de todos los estados de desarrollo del insecto es fundamental para realizar las aplicaciones en el momento oportuno de control\u00bb.<\/p>\n<p style=\"text-align: justify;\">El principal da\u00f1o realizado por la Lobesia botrana est\u00e1 dado por las larvas que se alimentan de flores y frutos desde cuaje hasta maduraci\u00f3n, con la consecuente disminuci\u00f3n de rindes y p\u00e9rdida de calidad en uvas, sobre todo cuando se destina al consumo en fresco. Al mismo tiempo, esta acci\u00f3n causa perforaciones y da\u00f1os en las plantas que facilitan el ingreso de hongos causantes de la podredumbre del racimo.<\/p>\n<p style=\"text-align: justify;\"><img class=\"size-full wp-image-5380 alignleft\" src=\"https:\/\/agroferomonas.com\/wp-content\/uploads\/2018\/07\/polilla-del-racimo.jpg\" alt=\"\" width=\"231\" height=\"218\" \/>\u00abEl a\u00f1o pasado la lucha contra la plaga fue muy positiva\u00bb, resalt\u00f3 la especialista, quien ponder\u00f3 \u00abla articulaci\u00f3n de diferentes instituciones de gobierno, investigaci\u00f3n, universidades, asociaciones de productores y bodegueros para avanzar en la erradicaci\u00f3n\u00bb. Desde que la plaga fue detectada en 2010 en Mendoza, la cantidad de hect\u00e1reas controladas con feromonas fue en aumento avalado por una ley de ayuda para los productores.<\/p>\n<p style=\"text-align: justify;\">Para recibir asesoramiento t\u00e9cnico sobre las metodolog\u00edas de control, los productores deben dirigirse a alguna dependencia del INTA, del Senasa y, en el caso de Mendoza, al Instituto de Sanidad y Calidad Agropecuaria de la provincia (Iscamen).<br \/>\nEl principal da\u00f1o realizado por la Lobesia botrana est\u00e1 dado por las larvas que se alimentan de flores y frutos desde cuaje hasta maduraci\u00f3n.<\/p>\n<h3 style=\"text-align: justify;\">Un control basado en el enga\u00f1o<\/h3>\n<p style=\"text-align: justify;\">La T\u00e9cnica de Confusi\u00f3n Sexual facilita el monitoreo y control de las poblaciones de Lobesia botrana a partir de feromonas -integradas por, al menos, 15 compuestos- que imitan el mensaje de comunicaci\u00f3n sexual utilizado por las hembras para atraer a los machos. De las alternativas posibles hasta el momento, es el m\u00e9todo de control m\u00e1s recomendado, ya que no deja residuos fitosanitarios en frutos y subproductos, no implica riesgos en las aplicaciones a campo y no da\u00f1a a otros insectos, enemigos naturales de la plaga.<\/p>\n<p style=\"text-align: justify;\">Para el monitoreo, se utilizan trampas de feromonas, que consisten en dos tapas de cart\u00f3n, la de abajo con una impregnaci\u00f3n engomada donde se coloca una c\u00e1psula con feromona femenina para atrapar machos de la especie. A su vez, con el objetivo de reducir los apareamientos y la reproducci\u00f3n, se emplean difusores que esparcen la feromona en estado l\u00edquido en el ambiente del cultivo.<\/p>\n<p style=\"text-align: justify;\">Seg\u00fan las caracter\u00edsticas de la zona, ensayos del INTA Mendoza estimaron que se necesitan 350 difusores por hect\u00e1rea y un per\u00edodo de emisi\u00f3n de hasta 180 d\u00edas.<\/p>\n<p style=\"text-align: justify;\">\u00abLa feromona vol\u00e1til satura el ambiente y forma una especie de nube arom\u00e1tica que confunde a los machos y, debido a este exceso de est\u00edmulos, no pueden detectar la presencia real de las hembras\u00bb, argument\u00f3 Becerra, quien agreg\u00f3: \u00abEsto produce una disminuci\u00f3n dr\u00e1stica del acoplamiento y consecuentemente de las oviposiciones, hasta reducir la densidad poblacional de la plaga y de los da\u00f1os en el cultivo\u00bb.<\/p>\n<p style=\"text-align: justify;\">La T\u00e9cnica de Confusi\u00f3n Sexual facilita el monitoreo y control de las poblaciones de Lobesia botrana a partir de feromonas que imitan el mensaje de comunicaci\u00f3n sexual de la hembra.<\/p>\n<p style=\"text-align: justify;\">En general, los insectos atraviesan la temporada invernal en un estado de resistencia y, en el caso de Lobesia botrana, se ubica bajo la corteza de la vid en forma de pupa o cris\u00e1lida. \u00abSi bien no es conveniente realizar aplicaciones ni otros tratamientos en este momento, s\u00ed es posible iniciar la colocaci\u00f3n de las trampas para el monitoreo de la cantidad de machos presentes en las producciones de vid\u00bb, apunt\u00f3 Becerra.<\/p>\n<p style=\"text-align: justify;\">Respecto del monitoreo, la sugerencia es colocar las trampas en lugares donde no se hallen los difusores de feromonas, ya que la nube generada por estos dispositivos en el campo impide el normal funcionamiento de la trampa -excepto que los cebos con feromona femenina empleados sean suficientemente concentrados-.<\/p>\n<p style=\"text-align: justify;\">Adem\u00e1s, la t\u00e9cnica recomend\u00f3 ubicar los difusores de manera temprana, inclusive antes de brotaci\u00f3n, y aclar\u00f3 que este procedimiento no afecta la duraci\u00f3n total de la emisi\u00f3n, debido a que la difusi\u00f3n de la feromona vol\u00e1til es proporcional a las temperaturas.<\/p>\n<p style=\"text-align: justify;\">En el caso de vi\u00f1edos muy afectados, se recomienda el uso de feromonas en combinaci\u00f3n con productos qu\u00edmicos -autorizados por el Senasa- con aplicaciones bastante distantes respecto del tiempo de cosecha para evitar la acumulaci\u00f3n de residuos en uvas y vinos.<\/p>\n<p style=\"text-align: justify;\">Al ser una plaga cuarentenaria, es de control obligatorio y su fiscalizaci\u00f3n est\u00e1 a cargo de SENASA y organismos provinciales.<\/p>\n<h3 style=\"text-align: justify;\">Todas las opciones ayudan<\/h3>\n<p style=\"text-align: justify;\">Otra alternativa es promover el control biol\u00f3gico de Lobesia botrana a partir de la actividad de algunos depredadores -como ara\u00f1as, coccin\u00e9lidos, cris\u00f3pidos y p\u00e1jaros- o parasitoides naturales de este insecto o de especies de la misma familia. En todos los casos, se recomienda utilizar fitosanitarios de bajo impacto ambiental que no alteren el ecosistema natural.<\/p>\n<p style=\"text-align: justify;\">Con relaci\u00f3n a herramientas qu\u00edmicas, ensayos del INTA demostraron que las pulverizaciones se deben realizar al momento de eclosi\u00f3n de los huevos, antes que las larvas neonatas penetren los granos. El bioinsecticida m\u00e1s utilizado es Bacillus thuringiensis.<\/p>\n<p style=\"text-align: justify;\">En esta l\u00ednea, Becerra remarc\u00f3 que \u00ablas estrategias fitosanitarias deben apuntar a generar residuo cero en las frutas y subproductos a fin de cumplir con los est\u00e1ndares de calidad requeridos tanto para el mercado interno como para los de exportaci\u00f3n\u00bb. \u00abEl producto deja de ser competitivo en la comercializaci\u00f3n por tener estos residuos\u00bb, afirm\u00f3.<\/p>\n<p><img class=\"aligncenter size-full wp-image-5384\" src=\"https:\/\/agroferomonas.com\/wp-content\/uploads\/2018\/07\/control-biologico-plagas-vid.jpg\" alt=\"\" width=\"1280\" height=\"720\" srcset=\"https:\/\/agroferomonas.com\/wp-content\/uploads\/2018\/07\/control-biologico-plagas-vid.jpg 1280w, https:\/\/agroferomonas.com\/wp-content\/uploads\/2018\/07\/control-biologico-plagas-vid-300x169.jpg 300w, https:\/\/agroferomonas.com\/wp-content\/uploads\/2018\/07\/control-biologico-plagas-vid-1024x576.jpg 1024w, https:\/\/agroferomonas.com\/wp-content\/uploads\/2018\/07\/control-biologico-plagas-vid-768x432.jpg 768w, https:\/\/agroferomonas.com\/wp-content\/uploads\/2018\/07\/control-biologico-plagas-vid-600x338.jpg 600w\" sizes=\"(max-width: 1280px) 100vw, 1280px\" \/><\/p>\n<h3 style=\"text-align: justify;\">Ciclo biol\u00f3gico del insecto<\/h3>\n<p style=\"text-align: justify;\">Las etapas del ciclo biol\u00f3gico de la Lobesia botrana son huevo, larva, pupa y adulto. En particular, la fase larval -de mayor voracidad- presenta cinco estadios.<\/p>\n<p style=\"text-align: justify;\">Con un tama\u00f1o de 0.6 por 0.7 mm, el huevo tiene forma lenticular, aspecto trasl\u00facido y con tonalidades amarillentas. En su interior, es posible ver el desarrollo del embri\u00f3n a medida que avanza su crecimiento.<\/p>\n<p style=\"text-align: justify;\">En particular, la fase larval -de mayor voracidad- presenta cinco estadios.<\/p>\n<p style=\"text-align: justify;\">Reci\u00e9n emergida del huevo, la larva mide alrededor de un mil\u00edmetro de longitud y presenta cabeza negra y cuerpo amarillo claro. A partir del segundo estadio, la cabeza y el escudo protor\u00e1cico se tornan de color pardo m\u00e1s claro, mientras que el cuerpo adquiere diferentes tonalidades -amarillo, verde azulado y verde- seg\u00fan la alimentaci\u00f3n. A medida que crece, aumenta notablemente de tama\u00f1o hasta ubicarse entre los 10 y 15 mm.<\/p>\n<p style=\"text-align: justify;\">En estado de pupa, la coloraci\u00f3n es variable, desde verde intenso hasta caf\u00e9 muy oscuro. De igual modo, el tama\u00f1o cambia seg\u00fan el sexo: la hembra puede medir entre 5 y 9 mm y el macho, de 4 a 7 mm.<\/p>\n<p style=\"text-align: justify;\">En estado de pupa, la coloraci\u00f3n es variable, desde verde intenso hasta caf\u00e9 muy oscuro.<\/p>\n<p style=\"text-align: justify;\">Ya como adulto, alcanza un tama\u00f1o de entre 10 y 13 mm de envergadura alar. Las alas anteriores tienen el aspecto de mosaico con manchas marrones oscuras alternadas con zonas claras grises y una banda que se destaca en la zona media. Contrastan con el tinte gris\u00e1ceo m\u00e1s o menos uniforme de las alas posteriores que est\u00e1n provistas de flecos.<\/p>\n<p style=\"text-align: justify;\">Este ciclo de desarrollo puede repetirse cinco veces en una temporada. Desde fines de septiembre a fines de noviembre, primera generaci\u00f3n; entre fines de noviembre hasta mediados de diciembre, segunda generaci\u00f3n; entre principios\/mediados de enero y febrero, tercera generaci\u00f3n y, luego, una generaci\u00f3n cada 30 d\u00edas -per\u00edodo en que las generaciones aparecen solapadas-.<\/p>\n<p style=\"text-align: justify;\">Ya como adulto, alcanza un tama\u00f1o de entre 10 y 13 mm de envergadura alar.<\/p>\n<p style=\"text-align: justify;\">En estado adulto, el macho es capaz de copular a la hembra que pone alrededor de 60 huevos en toda su vida. Ensayos del INTA estiman que entre 200 y 500 mariposas acumuladas en trampas de monitoreo durante la primavera y la temporada estival pueden dejar un nivel de larvas \u00abpreocupante\u00bb para el pr\u00f3ximo a\u00f1o, que requiere el manejo temprano de la plaga.<br \/>\nSe debe considerar que, al ser una plaga cuarentenaria, es de control obligatorio y su fiscalizaci\u00f3n est\u00e1 a cargo de SENASA y organismos provinciales.<\/p>\n<p>[\/et_pb_text][\/et_pb_column][\/et_pb_row][\/et_pb_section]    \t<\/p>","protected":false},"excerpt":{"rendered":"<p>[et_pb_section bb_built=\u00bb1&#8243;][et_pb_row][et_pb_column type=\u00bb4_4&#8243;][et_pb_text _builder_version=\u00bb3.8&#8243;] Estudios bioecol\u00f3gicos puestos en marcha por investigadores del INTA Mendoza, permiten describir las etapas de desarrollo biol\u00f3gico del insecto, principal plaga de los vi\u00f1edos que disminuye &#8230; <a title=\"Se combate la polilla de la vid con t\u00e9cnicas de control biol\u00f3gico\" class=\"read-more\" href=\"https:\/\/agroferomonas.com\/en\/se-combate-la-polilla-de-la-vid-con-tecnicas-de-control-biologico\/\" aria-label=\"More on Se combate la polilla de la vid con t\u00e9cnicas de control biol\u00f3gico\" data-no-translation=\"\" data-trp-gettext=\"\">Read more<\/a><\/p>","protected":false},"author":6,"featured_media":5379,"comment_status":"open","ping_status":"open","sticky":false,"template":"","format":"standard","meta":{"_price":"","_stock":"","_tribe_ticket_header":"","_tribe_default_ticket_provider":"","_tribe_ticket_capacity":"0","_ticket_start_date":"","_ticket_end_date":"","_tribe_ticket_show_description":"","_tribe_ticket_show_not_going":false,"_tribe_ticket_use_global_stock":"","_tribe_ticket_global_stock_level":"","_global_stock_mode":"","_global_stock_cap":"","_tribe_rsvp_for_event":"","_tribe_ticket_going_count":"","_tribe_ticket_not_going_count":"","_tribe_tickets_list":[],"_tribe_ticket_has_attendee_info_fields":false},"categories":[29],"tags":[],"yoast_head":"<!-- This site is optimized with the Yoast SEO plugin v19.7.2 - https:\/\/yoast.com\/wordpress\/plugins\/seo\/ -->\n<title>Se combate la polilla de la vid con t\u00e9cnicas de control biol\u00f3gico - Foro Agroferomonas<\/title>\n<meta name=\"robots\" content=\"index, follow, max-snippet:-1, max-image-preview:large, max-video-preview:-1\" \/>\n<link rel=\"canonical\" href=\"https:\/\/agroferomonas.com\/en\/se-combate-la-polilla-de-la-vid-con-tecnicas-de-control-biologico\/\" \/>\n<meta property=\"og:locale\" content=\"en_GB\" \/>\n<meta property=\"og:type\" content=\"article\" \/>\n<meta property=\"og:title\" content=\"Se combate la polilla de la vid con t\u00e9cnicas de control biol\u00f3gico - Foro Agroferomonas\" \/>\n<meta property=\"og:description\" content=\"[et_pb_section bb_built=\u00bb1&#8243;][et_pb_row][et_pb_column type=\u00bb4_4&#8243;][et_pb_text _builder_version=\u00bb3.8&#8243;] Estudios bioecol\u00f3gicos puestos en marcha por investigadores del INTA Mendoza, permiten describir las etapas de desarrollo biol\u00f3gico del insecto, principal plaga de los vi\u00f1edos que disminuye ... Read more\" \/>\n<meta property=\"og:url\" content=\"https:\/\/agroferomonas.com\/en\/se-combate-la-polilla-de-la-vid-con-tecnicas-de-control-biologico\/\" \/>\n<meta property=\"og:site_name\" content=\"Foro Agroferomonas\" \/>\n<meta property=\"article:published_time\" content=\"2018-07-06T07:54:03+00:00\" \/>\n<meta property=\"og:image\" content=\"https:\/\/agroferomonas.com\/wp-content\/uploads\/2018\/07\/Polilla-del-racimo-Lobesia-botrana-Den.-y-Schiff..png\" \/>\n\t<meta property=\"og:image:width\" content=\"448\" \/>\n\t<meta property=\"og:image:height\" content=\"235\" \/>\n\t<meta property=\"og:image:type\" content=\"image\/png\" \/>\n<meta name=\"author\" content=\"agroFer0Ad\" \/>\n<meta name=\"twitter:card\" content=\"summary_large_image\" \/>\n<meta name=\"twitter:label1\" content=\"Written by\" \/>\n\t<meta name=\"twitter:data1\" content=\"agroFer0Ad\" \/>\n\t<meta name=\"twitter:label2\" content=\"Estimated reading time\" \/>\n\t<meta name=\"twitter:data2\" content=\"9 minutes\" \/>\n<script type=\"application\/ld+json\" class=\"yoast-schema-graph\">{\"@context\":\"https:\/\/schema.org\",\"@graph\":[{\"@type\":\"Article\",\"@id\":\"https:\/\/agroferomonas.com\/se-combate-la-polilla-de-la-vid-con-tecnicas-de-control-biologico\/#article\",\"isPartOf\":{\"@id\":\"https:\/\/agroferomonas.com\/se-combate-la-polilla-de-la-vid-con-tecnicas-de-control-biologico\/\"},\"author\":{\"name\":\"agroFer0Ad\",\"@id\":\"https:\/\/agroferomonas.com\/#\/schema\/person\/ec343349ac181f9cc4645d7acd5d20e7\"},\"headline\":\"Se combate la polilla de la vid con t\u00e9cnicas de control biol\u00f3gico\",\"datePublished\":\"2018-07-06T07:54:03+00:00\",\"dateModified\":\"2018-07-06T07:54:03+00:00\",\"mainEntityOfPage\":{\"@id\":\"https:\/\/agroferomonas.com\/se-combate-la-polilla-de-la-vid-con-tecnicas-de-control-biologico\/\"},\"wordCount\":1788,\"commentCount\":0,\"publisher\":{\"@id\":\"https:\/\/agroferomonas.com\/#organization\"},\"articleSection\":[\"noticias\"],\"inLanguage\":\"en-GB\",\"potentialAction\":[{\"@type\":\"CommentAction\",\"name\":\"Comment\",\"target\":[\"https:\/\/agroferomonas.com\/se-combate-la-polilla-de-la-vid-con-tecnicas-de-control-biologico\/#respond\"]}]},{\"@type\":\"WebPage\",\"@id\":\"https:\/\/agroferomonas.com\/se-combate-la-polilla-de-la-vid-con-tecnicas-de-control-biologico\/\",\"url\":\"https:\/\/agroferomonas.com\/se-combate-la-polilla-de-la-vid-con-tecnicas-de-control-biologico\/\",\"name\":\"Se combate la polilla de la vid con t\u00e9cnicas de control biol\u00f3gico - Foro Agroferomonas\",\"isPartOf\":{\"@id\":\"https:\/\/agroferomonas.com\/#website\"},\"datePublished\":\"2018-07-06T07:54:03+00:00\",\"dateModified\":\"2018-07-06T07:54:03+00:00\",\"breadcrumb\":{\"@id\":\"https:\/\/agroferomonas.com\/se-combate-la-polilla-de-la-vid-con-tecnicas-de-control-biologico\/#breadcrumb\"},\"inLanguage\":\"en-GB\",\"potentialAction\":[{\"@type\":\"ReadAction\",\"target\":[\"https:\/\/agroferomonas.com\/se-combate-la-polilla-de-la-vid-con-tecnicas-de-control-biologico\/\"]}]},{\"@type\":\"BreadcrumbList\",\"@id\":\"https:\/\/agroferomonas.com\/se-combate-la-polilla-de-la-vid-con-tecnicas-de-control-biologico\/#breadcrumb\",\"itemListElement\":[{\"@type\":\"ListItem\",\"position\":1,\"name\":\"Portada\",\"item\":\"https:\/\/agroferomonas.com\/\"},{\"@type\":\"ListItem\",\"position\":2,\"name\":\"Se combate la polilla de la vid con t\u00e9cnicas de control biol\u00f3gico\"}]},{\"@type\":\"WebSite\",\"@id\":\"https:\/\/agroferomonas.com\/#website\",\"url\":\"https:\/\/agroferomonas.com\/\",\"name\":\"Foro Agroferomonas\",\"description\":\"Control biol\u00f3gico, trampas y atrayentes\",\"publisher\":{\"@id\":\"https:\/\/agroferomonas.com\/#organization\"},\"potentialAction\":[{\"@type\":\"SearchAction\",\"target\":{\"@type\":\"EntryPoint\",\"urlTemplate\":\"https:\/\/agroferomonas.com\/?s={search_term_string}\"},\"query-input\":\"required name=search_term_string\"}],\"inLanguage\":\"en-GB\"},{\"@type\":\"Organization\",\"@id\":\"https:\/\/agroferomonas.com\/#organization\",\"name\":\"Foro Agroferomonas\",\"url\":\"https:\/\/agroferomonas.com\/\",\"sameAs\":[],\"logo\":{\"@type\":\"ImageObject\",\"inLanguage\":\"en-GB\",\"@id\":\"https:\/\/agroferomonas.com\/#\/schema\/logo\/image\/\",\"url\":\"https:\/\/agroferomonas.com\/wp-content\/uploads\/2022\/01\/logo-agroferomonas-2022-copia.png\",\"contentUrl\":\"https:\/\/agroferomonas.com\/wp-content\/uploads\/2022\/01\/logo-agroferomonas-2022-copia.png\",\"width\":384,\"height\":108,\"caption\":\"Foro Agroferomonas\"},\"image\":{\"@id\":\"https:\/\/agroferomonas.com\/#\/schema\/logo\/image\/\"}},{\"@type\":\"Person\",\"@id\":\"https:\/\/agroferomonas.com\/#\/schema\/person\/ec343349ac181f9cc4645d7acd5d20e7\",\"name\":\"agroFer0Ad\",\"image\":{\"@type\":\"ImageObject\",\"inLanguage\":\"en-GB\",\"@id\":\"https:\/\/agroferomonas.com\/#\/schema\/person\/image\/\",\"url\":\"https:\/\/secure.gravatar.com\/avatar\/e01cc45a5068b09b79cc122270fc93b9?s=96&d=mm&r=g\",\"contentUrl\":\"https:\/\/secure.gravatar.com\/avatar\/e01cc45a5068b09b79cc122270fc93b9?s=96&d=mm&r=g\",\"caption\":\"agroFer0Ad\"},\"url\":\"https:\/\/agroferomonas.com\/en\/author\/agrofer0ad\/\"}]}<\/script>\n<!-- \/ Yoast SEO plugin. -->","yoast_head_json":{"title":"Se combate la polilla de la vid con t\u00e9cnicas de control biol\u00f3gico - Foro Agroferomonas","robots":{"index":"index","follow":"follow","max-snippet":"max-snippet:-1","max-image-preview":"max-image-preview:large","max-video-preview":"max-video-preview:-1"},"canonical":"https:\/\/agroferomonas.com\/en\/se-combate-la-polilla-de-la-vid-con-tecnicas-de-control-biologico\/","og_locale":"en_GB","og_type":"article","og_title":"Se combate la polilla de la vid con t\u00e9cnicas de control biol\u00f3gico - Foro Agroferomonas","og_description":"[et_pb_section bb_built=\u00bb1&#8243;][et_pb_row][et_pb_column type=\u00bb4_4&#8243;][et_pb_text _builder_version=\u00bb3.8&#8243;] Estudios bioecol\u00f3gicos puestos en marcha por investigadores del INTA Mendoza, permiten describir las etapas de desarrollo biol\u00f3gico del insecto, principal plaga de los vi\u00f1edos que disminuye ... Read more","og_url":"https:\/\/agroferomonas.com\/en\/se-combate-la-polilla-de-la-vid-con-tecnicas-de-control-biologico\/","og_site_name":"Foro Agroferomonas","article_published_time":"2018-07-06T07:54:03+00:00","og_image":[{"width":448,"height":235,"url":"https:\/\/agroferomonas.com\/wp-content\/uploads\/2018\/07\/Polilla-del-racimo-Lobesia-botrana-Den.-y-Schiff..png","type":"image\/png"}],"author":"agroFer0Ad","twitter_card":"summary_large_image","twitter_misc":{"Written by":"agroFer0Ad","Estimated reading time":"9 minutes"},"schema":{"@context":"https:\/\/schema.org","@graph":[{"@type":"Article","@id":"https:\/\/agroferomonas.com\/se-combate-la-polilla-de-la-vid-con-tecnicas-de-control-biologico\/#article","isPartOf":{"@id":"https:\/\/agroferomonas.com\/se-combate-la-polilla-de-la-vid-con-tecnicas-de-control-biologico\/"},"author":{"name":"agroFer0Ad","@id":"https:\/\/agroferomonas.com\/#\/schema\/person\/ec343349ac181f9cc4645d7acd5d20e7"},"headline":"Se combate la polilla de la vid con t\u00e9cnicas de control biol\u00f3gico","datePublished":"2018-07-06T07:54:03+00:00","dateModified":"2018-07-06T07:54:03+00:00","mainEntityOfPage":{"@id":"https:\/\/agroferomonas.com\/se-combate-la-polilla-de-la-vid-con-tecnicas-de-control-biologico\/"},"wordCount":1788,"commentCount":0,"publisher":{"@id":"https:\/\/agroferomonas.com\/#organization"},"articleSection":["noticias"],"inLanguage":"en-GB","potentialAction":[{"@type":"CommentAction","name":"Comment","target":["https:\/\/agroferomonas.com\/se-combate-la-polilla-de-la-vid-con-tecnicas-de-control-biologico\/#respond"]}]},{"@type":"WebPage","@id":"https:\/\/agroferomonas.com\/se-combate-la-polilla-de-la-vid-con-tecnicas-de-control-biologico\/","url":"https:\/\/agroferomonas.com\/se-combate-la-polilla-de-la-vid-con-tecnicas-de-control-biologico\/","name":"Se combate la polilla de la vid con t\u00e9cnicas de control biol\u00f3gico - Foro Agroferomonas","isPartOf":{"@id":"https:\/\/agroferomonas.com\/#website"},"datePublished":"2018-07-06T07:54:03+00:00","dateModified":"2018-07-06T07:54:03+00:00","breadcrumb":{"@id":"https:\/\/agroferomonas.com\/se-combate-la-polilla-de-la-vid-con-tecnicas-de-control-biologico\/#breadcrumb"},"inLanguage":"en-GB","potentialAction":[{"@type":"ReadAction","target":["https:\/\/agroferomonas.com\/se-combate-la-polilla-de-la-vid-con-tecnicas-de-control-biologico\/"]}]},{"@type":"BreadcrumbList","@id":"https:\/\/agroferomonas.com\/se-combate-la-polilla-de-la-vid-con-tecnicas-de-control-biologico\/#breadcrumb","itemListElement":[{"@type":"ListItem","position":1,"name":"Portada","item":"https:\/\/agroferomonas.com\/"},{"@type":"ListItem","position":2,"name":"Se combate la polilla de la vid con t\u00e9cnicas de control biol\u00f3gico"}]},{"@type":"WebSite","@id":"https:\/\/agroferomonas.com\/#website","url":"https:\/\/agroferomonas.com\/","name":"Foro Agroferomonas","description":"Control biol\u00f3gico, trampas y atrayentes","publisher":{"@id":"https:\/\/agroferomonas.com\/#organization"},"potentialAction":[{"@type":"SearchAction","target":{"@type":"EntryPoint","urlTemplate":"https:\/\/agroferomonas.com\/?s={search_term_string}"},"query-input":"required name=search_term_string"}],"inLanguage":"en-GB"},{"@type":"Organization","@id":"https:\/\/agroferomonas.com\/#organization","name":"Foro Agroferomonas","url":"https:\/\/agroferomonas.com\/","sameAs":[],"logo":{"@type":"ImageObject","inLanguage":"en-GB","@id":"https:\/\/agroferomonas.com\/#\/schema\/logo\/image\/","url":"https:\/\/agroferomonas.com\/wp-content\/uploads\/2022\/01\/logo-agroferomonas-2022-copia.png","contentUrl":"https:\/\/agroferomonas.com\/wp-content\/uploads\/2022\/01\/logo-agroferomonas-2022-copia.png","width":384,"height":108,"caption":"Foro Agroferomonas"},"image":{"@id":"https:\/\/agroferomonas.com\/#\/schema\/logo\/image\/"}},{"@type":"Person","@id":"https:\/\/agroferomonas.com\/#\/schema\/person\/ec343349ac181f9cc4645d7acd5d20e7","name":"agroFer0Ad","image":{"@type":"ImageObject","inLanguage":"en-GB","@id":"https:\/\/agroferomonas.com\/#\/schema\/person\/image\/","url":"https:\/\/secure.gravatar.com\/avatar\/e01cc45a5068b09b79cc122270fc93b9?s=96&d=mm&r=g","contentUrl":"https:\/\/secure.gravatar.com\/avatar\/e01cc45a5068b09b79cc122270fc93b9?s=96&d=mm&r=g","caption":"agroFer0Ad"},"url":"https:\/\/agroferomonas.com\/en\/author\/agrofer0ad\/"}]}},"_links":{"self":[{"href":"https:\/\/agroferomonas.com\/en\/wp-json\/wp\/v2\/posts\/5378"}],"collection":[{"href":"https:\/\/agroferomonas.com\/en\/wp-json\/wp\/v2\/posts"}],"about":[{"href":"https:\/\/agroferomonas.com\/en\/wp-json\/wp\/v2\/types\/post"}],"author":[{"embeddable":true,"href":"https:\/\/agroferomonas.com\/en\/wp-json\/wp\/v2\/users\/6"}],"replies":[{"embeddable":true,"href":"https:\/\/agroferomonas.com\/en\/wp-json\/wp\/v2\/comments?post=5378"}],"version-history":[{"count":0,"href":"https:\/\/agroferomonas.com\/en\/wp-json\/wp\/v2\/posts\/5378\/revisions"}],"wp:featuredmedia":[{"embeddable":true,"href":"https:\/\/agroferomonas.com\/en\/wp-json\/wp\/v2\/media\/5379"}],"wp:attachment":[{"href":"https:\/\/agroferomonas.com\/en\/wp-json\/wp\/v2\/media?parent=5378"}],"wp:term":[{"taxonomy":"category","embeddable":true,"href":"https:\/\/agroferomonas.com\/en\/wp-json\/wp\/v2\/categories?post=5378"},{"taxonomy":"post_tag","embeddable":true,"href":"https:\/\/agroferomonas.com\/en\/wp-json\/wp\/v2\/tags?post=5378"}],"curies":[{"name":"wp","href":"https:\/\/api.w.org\/{rel}","templated":true}]}}