{"id":5459,"date":"2018-07-12T19:00:49","date_gmt":"2018-07-12T17:00:49","guid":{"rendered":"http:\/\/agroferomonas.com\/?p=5459"},"modified":"2018-07-12T19:00:49","modified_gmt":"2018-07-12T17:00:49","slug":"la-universidad-de-la-laguna-patenta-un-dispositivo-para-el-control-del-picudo-negro","status":"publish","type":"post","link":"https:\/\/agroferomonas.com\/en\/la-universidad-de-la-laguna-patenta-un-dispositivo-para-el-control-del-picudo-negro\/","title":{"rendered":"La Universidad de La Laguna patenta un dispositivo para el control del picudo negro"},"content":{"rendered":"<p>[et_pb_section bb_built=\u00bb1&#8243;][et_pb_row][et_pb_column type=\u00bb4_4&#8243;][et_pb_text _builder_version=\u00bb3.8&#8243;]<\/p>\n<blockquote>\n<h4 style=\"text-align: justify;\">El dispositivo desarrollado destaca por su funcionalidad, ya que\u00a0basta con colocarla sobre el suelo sin necesidad de tener que enterrarla, adem\u00e1s de su gran resistencia frente a vuelcos accidentales o fuertes lluvias y su c\u00f3modo montaje y mantenimiento a la hora de ensamblarla y limpiarla<\/h4>\n<\/blockquote>\n<p style=\"text-align: justify;\">La Universidad de La Laguna, a trav\u00e9s de su Oficina de Transferencia de Resultados de Investigaci\u00f3n (OTRI), ha registrado un modelo de utilidad para el control de plagas, y en especial para la del insecto conocido como picudo negro, una de las plagas m\u00e1s nocivas que atacan la base de la platanera, y contra la que se lucha desde hace a\u00f1os en las plantaciones de pl\u00e1tanos de Canarias.<\/p>\n<figure id=\"attachment_5460\" aria-describedby=\"caption-attachment-5460\" style=\"width: 490px\" class=\"wp-caption alignleft\"><img class=\"wp-image-5460\" src=\"https:\/\/agroferomonas.com\/wp-content\/uploads\/2018\/07\/Raimundo-Cabrera-investigador-de-la-ULL-responsable-de-este-proyecto.jpg\" alt=\"\" width=\"500\" height=\"333\" srcset=\"https:\/\/agroferomonas.com\/wp-content\/uploads\/2018\/07\/Raimundo-Cabrera-investigador-de-la-ULL-responsable-de-este-proyecto.jpg 1200w, https:\/\/agroferomonas.com\/wp-content\/uploads\/2018\/07\/Raimundo-Cabrera-investigador-de-la-ULL-responsable-de-este-proyecto-300x200.jpg 300w, https:\/\/agroferomonas.com\/wp-content\/uploads\/2018\/07\/Raimundo-Cabrera-investigador-de-la-ULL-responsable-de-este-proyecto-1024x683.jpg 1024w, https:\/\/agroferomonas.com\/wp-content\/uploads\/2018\/07\/Raimundo-Cabrera-investigador-de-la-ULL-responsable-de-este-proyecto-768x512.jpg 768w, https:\/\/agroferomonas.com\/wp-content\/uploads\/2018\/07\/Raimundo-Cabrera-investigador-de-la-ULL-responsable-de-este-proyecto-600x400.jpg 600w\" sizes=\"(max-width: 500px) 100vw, 500px\" \/><figcaption id=\"caption-attachment-5460\" class=\"wp-caption-text\">Raimundo Cabrera investigador de la ULL responsable de este proyecto.<\/figcaption><\/figure>\n<p style=\"text-align: justify;\">El desarrollo de este invento ha sido posible gracias a un convenio de cotitularidad entre la Universidad de La Laguna y la empresa Vicedo Mart\u00ed, S.L, un trabajo conjunto que comenz\u00f3 en 2012 liderado por el profesor Raimundo Cabrera, inventor de este sistema junto a Luis Vicedo Peinado, y coordinador del grupo de investigaci\u00f3n de Control Integrado de Plagas y Enfermedades de los Vegetales (CIPEV), que trabaj\u00f3 en este proceso durante m\u00e1s de tres a\u00f1os en los que se probaron y modificaron los dise\u00f1os iniciales hasta conseguir el primer prototipo en 2014.<\/p>\n<p style=\"text-align: justify;\">La ULL informa de que las principales novedades que presenta esta trampa multiusos con respecto a otras similares son su funcionalidad, ya que basta con colocarla sobre el suelo sin necesidad de tener que enterrarla, su gran resistencia frente a vuelcos accidentales o fuertes lluvias y su c\u00f3modo montaje y mantenimiento a la hora de ensamblarla y limpiarla.<\/p>\n<p style=\"text-align: justify;\">Pese a todo ello, se trata de un \u201cmecanismo complejo y preciso a pesar de su sencillez\u201d, indica Cabrera, ya que se utiliza \u201cla feromona exacta para atraer a este tipo de insecto, tanto machos como hembras\u201d, algo que el agricultor puede comprobar por s\u00ed mismo porque ya se comercializa a un precio que oscila entre los 12 y 14 euros.<\/p>\n<p style=\"text-align: justify;\">La nota de la ULL indica que el paso previo a la comercializaci\u00f3n del dispositivo fue testar su eficacia en el propio terreno mediante un acuerdo suscrito entre la empresa que lo comercializa y distribuye, Vicedo Mart\u00ed, y la Asociaci\u00f3n de Organizaciones de Productores de Pl\u00e1tanos de Canarias (ASPROCAN), que adquiri\u00f3 1.000 unidades que se repartieron (a trav\u00e9s de las cooperativas de productores) en distintas plantaciones plataneras de cinco islas durante un periodo de varios meses.<\/p>\n<p style=\"text-align: justify;\">Tras este tiempo se ha podido comprobar \u201cque la trampa no solo funciona igual de bien que las existentes en el mercado, sino que es eficaz y resuelve alguno de los problemas que tienen los modelos que se han venido utilizando hasta ahora\u201d, indica Raimundo Cabrera.<\/p>\n<p style=\"text-align: justify;\">La nota agrega que otra de las ventajas indiscutibles de este invento es que puede servir para combatir otro tipo de plagas con solo cambiar el cebo empleado, es decir, sustituyendo las feromonas que hacen de atrayente se pueden erradicar otros insectos nocivos.<\/p>\n<p style=\"text-align: justify;\">En este sentido, el CIPEV trabaja con el Departamento de Ciencias Agrarias de la Universidad de Azores en la adaptaci\u00f3n del dispositivo para combatir la plaga de caracoles que afecta a los cultivos de ese archipi\u00e9lago.<br \/>\nEl picudo negro de la platanera, Cosmopolites sordius, es una de las plagas m\u00e1s da\u00f1inas que afecta a este cultivo en todo el mundo.<\/p>\n<p style=\"text-align: justify;\">Este peque\u00f1o insecto, que se arrastra por el suelo, ataca a la planta desde su propia base, creando una serie de galer\u00edas que acaban debilit\u00e1ndola y haci\u00e9ndola caer por su propio peso y de hecho puede llegar a mermar hasta en un 40% la producci\u00f3n de pl\u00e1tanos, recuerda la nota de la Universidad.<\/p>\n<p>EFE.<\/p>\n<p>[\/et_pb_text][\/et_pb_column][\/et_pb_row][\/et_pb_section]    \t<\/p>","protected":false},"excerpt":{"rendered":"<p>[et_pb_section bb_built=\u00bb1&#8243;][et_pb_row][et_pb_column type=\u00bb4_4&#8243;][et_pb_text _builder_version=\u00bb3.8&#8243;] El dispositivo desarrollado destaca por su funcionalidad, ya que\u00a0basta con colocarla sobre el suelo sin necesidad de tener que enterrarla, adem\u00e1s de su gran resistencia frente &#8230; <a title=\"La Universidad de La Laguna patenta un dispositivo para el control del picudo negro\" class=\"read-more\" href=\"https:\/\/agroferomonas.com\/en\/la-universidad-de-la-laguna-patenta-un-dispositivo-para-el-control-del-picudo-negro\/\" aria-label=\"More on La Universidad de La Laguna patenta un dispositivo para el control del picudo negro\" data-no-translation=\"\" data-trp-gettext=\"\">Read more<\/a><\/p>","protected":false},"author":6,"featured_media":5461,"comment_status":"open","ping_status":"open","sticky":false,"template":"","format":"standard","meta":{"_price":"","_stock":"","_tribe_ticket_header":"","_tribe_default_ticket_provider":"","_tribe_ticket_capacity":"0","_ticket_start_date":"","_ticket_end_date":"","_tribe_ticket_show_description":"","_tribe_ticket_show_not_going":false,"_tribe_ticket_use_global_stock":"","_tribe_ticket_global_stock_level":"","_global_stock_mode":"","_global_stock_cap":"","_tribe_rsvp_for_event":"","_tribe_ticket_going_count":"","_tribe_ticket_not_going_count":"","_tribe_tickets_list":[],"_tribe_ticket_has_attendee_info_fields":false},"categories":[29],"tags":[],"yoast_head":"<!-- This site is optimized with the Yoast SEO plugin v19.7.2 - https:\/\/yoast.com\/wordpress\/plugins\/seo\/ -->\n<title>La Universidad de La Laguna patenta un dispositivo para el control del picudo negro - Foro Agroferomonas<\/title>\n<meta name=\"robots\" content=\"index, follow, max-snippet:-1, max-image-preview:large, max-video-preview:-1\" \/>\n<link rel=\"canonical\" href=\"https:\/\/agroferomonas.com\/en\/la-universidad-de-la-laguna-patenta-un-dispositivo-para-el-control-del-picudo-negro\/\" \/>\n<meta property=\"og:locale\" content=\"en_GB\" \/>\n<meta property=\"og:type\" content=\"article\" \/>\n<meta property=\"og:title\" content=\"La Universidad de La Laguna patenta un dispositivo para el control del picudo negro - Foro Agroferomonas\" \/>\n<meta property=\"og:description\" content=\"[et_pb_section bb_built=\u00bb1&#8243;][et_pb_row][et_pb_column type=\u00bb4_4&#8243;][et_pb_text _builder_version=\u00bb3.8&#8243;] El dispositivo desarrollado destaca por su funcionalidad, ya que\u00a0basta con colocarla sobre el suelo sin necesidad de tener que enterrarla, adem\u00e1s de su gran resistencia frente ... Read more\" \/>\n<meta property=\"og:url\" content=\"https:\/\/agroferomonas.com\/en\/la-universidad-de-la-laguna-patenta-un-dispositivo-para-el-control-del-picudo-negro\/\" \/>\n<meta property=\"og:site_name\" content=\"Foro Agroferomonas\" \/>\n<meta property=\"article:published_time\" content=\"2018-07-12T17:00:49+00:00\" \/>\n<meta property=\"og:image\" content=\"https:\/\/agroferomonas.com\/wp-content\/uploads\/2018\/07\/picudo-negro-plataneras.jpg\" \/>\n\t<meta property=\"og:image:width\" content=\"643\" \/>\n\t<meta property=\"og:image:height\" content=\"362\" \/>\n\t<meta property=\"og:image:type\" content=\"image\/jpeg\" \/>\n<meta name=\"author\" content=\"agroFer0Ad\" \/>\n<meta name=\"twitter:card\" content=\"summary_large_image\" \/>\n<meta name=\"twitter:label1\" content=\"Written by\" \/>\n\t<meta name=\"twitter:data1\" content=\"agroFer0Ad\" \/>\n\t<meta name=\"twitter:label2\" content=\"Estimated reading time\" \/>\n\t<meta name=\"twitter:data2\" content=\"3 minutes\" \/>\n<script type=\"application\/ld+json\" class=\"yoast-schema-graph\">{\"@context\":\"https:\/\/schema.org\",\"@graph\":[{\"@type\":\"Article\",\"@id\":\"https:\/\/agroferomonas.com\/la-universidad-de-la-laguna-patenta-un-dispositivo-para-el-control-del-picudo-negro\/#article\",\"isPartOf\":{\"@id\":\"https:\/\/agroferomonas.com\/la-universidad-de-la-laguna-patenta-un-dispositivo-para-el-control-del-picudo-negro\/\"},\"author\":{\"name\":\"agroFer0Ad\",\"@id\":\"https:\/\/agroferomonas.com\/#\/schema\/person\/ec343349ac181f9cc4645d7acd5d20e7\"},\"headline\":\"La Universidad de La Laguna patenta un dispositivo para el control del picudo negro\",\"datePublished\":\"2018-07-12T17:00:49+00:00\",\"dateModified\":\"2018-07-12T17:00:49+00:00\",\"mainEntityOfPage\":{\"@id\":\"https:\/\/agroferomonas.com\/la-universidad-de-la-laguna-patenta-un-dispositivo-para-el-control-del-picudo-negro\/\"},\"wordCount\":685,\"commentCount\":0,\"publisher\":{\"@id\":\"https:\/\/agroferomonas.com\/#organization\"},\"articleSection\":[\"noticias\"],\"inLanguage\":\"en-GB\",\"potentialAction\":[{\"@type\":\"CommentAction\",\"name\":\"Comment\",\"target\":[\"https:\/\/agroferomonas.com\/la-universidad-de-la-laguna-patenta-un-dispositivo-para-el-control-del-picudo-negro\/#respond\"]}]},{\"@type\":\"WebPage\",\"@id\":\"https:\/\/agroferomonas.com\/la-universidad-de-la-laguna-patenta-un-dispositivo-para-el-control-del-picudo-negro\/\",\"url\":\"https:\/\/agroferomonas.com\/la-universidad-de-la-laguna-patenta-un-dispositivo-para-el-control-del-picudo-negro\/\",\"name\":\"La Universidad de La Laguna patenta un dispositivo para el control del picudo negro - Foro Agroferomonas\",\"isPartOf\":{\"@id\":\"https:\/\/agroferomonas.com\/#website\"},\"datePublished\":\"2018-07-12T17:00:49+00:00\",\"dateModified\":\"2018-07-12T17:00:49+00:00\",\"breadcrumb\":{\"@id\":\"https:\/\/agroferomonas.com\/la-universidad-de-la-laguna-patenta-un-dispositivo-para-el-control-del-picudo-negro\/#breadcrumb\"},\"inLanguage\":\"en-GB\",\"potentialAction\":[{\"@type\":\"ReadAction\",\"target\":[\"https:\/\/agroferomonas.com\/la-universidad-de-la-laguna-patenta-un-dispositivo-para-el-control-del-picudo-negro\/\"]}]},{\"@type\":\"BreadcrumbList\",\"@id\":\"https:\/\/agroferomonas.com\/la-universidad-de-la-laguna-patenta-un-dispositivo-para-el-control-del-picudo-negro\/#breadcrumb\",\"itemListElement\":[{\"@type\":\"ListItem\",\"position\":1,\"name\":\"Portada\",\"item\":\"https:\/\/agroferomonas.com\/\"},{\"@type\":\"ListItem\",\"position\":2,\"name\":\"La Universidad de La Laguna patenta un dispositivo para el control del picudo negro\"}]},{\"@type\":\"WebSite\",\"@id\":\"https:\/\/agroferomonas.com\/#website\",\"url\":\"https:\/\/agroferomonas.com\/\",\"name\":\"Foro Agroferomonas\",\"description\":\"Control biol\u00f3gico, trampas y atrayentes\",\"publisher\":{\"@id\":\"https:\/\/agroferomonas.com\/#organization\"},\"potentialAction\":[{\"@type\":\"SearchAction\",\"target\":{\"@type\":\"EntryPoint\",\"urlTemplate\":\"https:\/\/agroferomonas.com\/?s={search_term_string}\"},\"query-input\":\"required name=search_term_string\"}],\"inLanguage\":\"en-GB\"},{\"@type\":\"Organization\",\"@id\":\"https:\/\/agroferomonas.com\/#organization\",\"name\":\"Foro Agroferomonas\",\"url\":\"https:\/\/agroferomonas.com\/\",\"sameAs\":[],\"logo\":{\"@type\":\"ImageObject\",\"inLanguage\":\"en-GB\",\"@id\":\"https:\/\/agroferomonas.com\/#\/schema\/logo\/image\/\",\"url\":\"https:\/\/agroferomonas.com\/wp-content\/uploads\/2022\/01\/logo-agroferomonas-2022-copia.png\",\"contentUrl\":\"https:\/\/agroferomonas.com\/wp-content\/uploads\/2022\/01\/logo-agroferomonas-2022-copia.png\",\"width\":384,\"height\":108,\"caption\":\"Foro Agroferomonas\"},\"image\":{\"@id\":\"https:\/\/agroferomonas.com\/#\/schema\/logo\/image\/\"}},{\"@type\":\"Person\",\"@id\":\"https:\/\/agroferomonas.com\/#\/schema\/person\/ec343349ac181f9cc4645d7acd5d20e7\",\"name\":\"agroFer0Ad\",\"image\":{\"@type\":\"ImageObject\",\"inLanguage\":\"en-GB\",\"@id\":\"https:\/\/agroferomonas.com\/#\/schema\/person\/image\/\",\"url\":\"https:\/\/secure.gravatar.com\/avatar\/e01cc45a5068b09b79cc122270fc93b9?s=96&d=mm&r=g\",\"contentUrl\":\"https:\/\/secure.gravatar.com\/avatar\/e01cc45a5068b09b79cc122270fc93b9?s=96&d=mm&r=g\",\"caption\":\"agroFer0Ad\"},\"url\":\"https:\/\/agroferomonas.com\/en\/author\/agrofer0ad\/\"}]}<\/script>\n<!-- \/ Yoast SEO plugin. -->","yoast_head_json":{"title":"La Universidad de La Laguna patenta un dispositivo para el control del picudo negro - Foro Agroferomonas","robots":{"index":"index","follow":"follow","max-snippet":"max-snippet:-1","max-image-preview":"max-image-preview:large","max-video-preview":"max-video-preview:-1"},"canonical":"https:\/\/agroferomonas.com\/en\/la-universidad-de-la-laguna-patenta-un-dispositivo-para-el-control-del-picudo-negro\/","og_locale":"en_GB","og_type":"article","og_title":"La Universidad de La Laguna patenta un dispositivo para el control del picudo negro - Foro Agroferomonas","og_description":"[et_pb_section bb_built=\u00bb1&#8243;][et_pb_row][et_pb_column type=\u00bb4_4&#8243;][et_pb_text _builder_version=\u00bb3.8&#8243;] El dispositivo desarrollado destaca por su funcionalidad, ya que\u00a0basta con colocarla sobre el suelo sin necesidad de tener que enterrarla, adem\u00e1s de su gran resistencia frente ... Read more","og_url":"https:\/\/agroferomonas.com\/en\/la-universidad-de-la-laguna-patenta-un-dispositivo-para-el-control-del-picudo-negro\/","og_site_name":"Foro Agroferomonas","article_published_time":"2018-07-12T17:00:49+00:00","og_image":[{"width":643,"height":362,"url":"https:\/\/agroferomonas.com\/wp-content\/uploads\/2018\/07\/picudo-negro-plataneras.jpg","type":"image\/jpeg"}],"author":"agroFer0Ad","twitter_card":"summary_large_image","twitter_misc":{"Written by":"agroFer0Ad","Estimated reading time":"3 minutes"},"schema":{"@context":"https:\/\/schema.org","@graph":[{"@type":"Article","@id":"https:\/\/agroferomonas.com\/la-universidad-de-la-laguna-patenta-un-dispositivo-para-el-control-del-picudo-negro\/#article","isPartOf":{"@id":"https:\/\/agroferomonas.com\/la-universidad-de-la-laguna-patenta-un-dispositivo-para-el-control-del-picudo-negro\/"},"author":{"name":"agroFer0Ad","@id":"https:\/\/agroferomonas.com\/#\/schema\/person\/ec343349ac181f9cc4645d7acd5d20e7"},"headline":"La Universidad de La Laguna patenta un dispositivo para el control del picudo negro","datePublished":"2018-07-12T17:00:49+00:00","dateModified":"2018-07-12T17:00:49+00:00","mainEntityOfPage":{"@id":"https:\/\/agroferomonas.com\/la-universidad-de-la-laguna-patenta-un-dispositivo-para-el-control-del-picudo-negro\/"},"wordCount":685,"commentCount":0,"publisher":{"@id":"https:\/\/agroferomonas.com\/#organization"},"articleSection":["noticias"],"inLanguage":"en-GB","potentialAction":[{"@type":"CommentAction","name":"Comment","target":["https:\/\/agroferomonas.com\/la-universidad-de-la-laguna-patenta-un-dispositivo-para-el-control-del-picudo-negro\/#respond"]}]},{"@type":"WebPage","@id":"https:\/\/agroferomonas.com\/la-universidad-de-la-laguna-patenta-un-dispositivo-para-el-control-del-picudo-negro\/","url":"https:\/\/agroferomonas.com\/la-universidad-de-la-laguna-patenta-un-dispositivo-para-el-control-del-picudo-negro\/","name":"La Universidad de La Laguna patenta un dispositivo para el control del picudo negro - Foro Agroferomonas","isPartOf":{"@id":"https:\/\/agroferomonas.com\/#website"},"datePublished":"2018-07-12T17:00:49+00:00","dateModified":"2018-07-12T17:00:49+00:00","breadcrumb":{"@id":"https:\/\/agroferomonas.com\/la-universidad-de-la-laguna-patenta-un-dispositivo-para-el-control-del-picudo-negro\/#breadcrumb"},"inLanguage":"en-GB","potentialAction":[{"@type":"ReadAction","target":["https:\/\/agroferomonas.com\/la-universidad-de-la-laguna-patenta-un-dispositivo-para-el-control-del-picudo-negro\/"]}]},{"@type":"BreadcrumbList","@id":"https:\/\/agroferomonas.com\/la-universidad-de-la-laguna-patenta-un-dispositivo-para-el-control-del-picudo-negro\/#breadcrumb","itemListElement":[{"@type":"ListItem","position":1,"name":"Portada","item":"https:\/\/agroferomonas.com\/"},{"@type":"ListItem","position":2,"name":"La Universidad de La Laguna patenta un dispositivo para el control del picudo negro"}]},{"@type":"WebSite","@id":"https:\/\/agroferomonas.com\/#website","url":"https:\/\/agroferomonas.com\/","name":"Foro Agroferomonas","description":"Control biol\u00f3gico, trampas y atrayentes","publisher":{"@id":"https:\/\/agroferomonas.com\/#organization"},"potentialAction":[{"@type":"SearchAction","target":{"@type":"EntryPoint","urlTemplate":"https:\/\/agroferomonas.com\/?s={search_term_string}"},"query-input":"required name=search_term_string"}],"inLanguage":"en-GB"},{"@type":"Organization","@id":"https:\/\/agroferomonas.com\/#organization","name":"Foro Agroferomonas","url":"https:\/\/agroferomonas.com\/","sameAs":[],"logo":{"@type":"ImageObject","inLanguage":"en-GB","@id":"https:\/\/agroferomonas.com\/#\/schema\/logo\/image\/","url":"https:\/\/agroferomonas.com\/wp-content\/uploads\/2022\/01\/logo-agroferomonas-2022-copia.png","contentUrl":"https:\/\/agroferomonas.com\/wp-content\/uploads\/2022\/01\/logo-agroferomonas-2022-copia.png","width":384,"height":108,"caption":"Foro Agroferomonas"},"image":{"@id":"https:\/\/agroferomonas.com\/#\/schema\/logo\/image\/"}},{"@type":"Person","@id":"https:\/\/agroferomonas.com\/#\/schema\/person\/ec343349ac181f9cc4645d7acd5d20e7","name":"agroFer0Ad","image":{"@type":"ImageObject","inLanguage":"en-GB","@id":"https:\/\/agroferomonas.com\/#\/schema\/person\/image\/","url":"https:\/\/secure.gravatar.com\/avatar\/e01cc45a5068b09b79cc122270fc93b9?s=96&d=mm&r=g","contentUrl":"https:\/\/secure.gravatar.com\/avatar\/e01cc45a5068b09b79cc122270fc93b9?s=96&d=mm&r=g","caption":"agroFer0Ad"},"url":"https:\/\/agroferomonas.com\/en\/author\/agrofer0ad\/"}]}},"_links":{"self":[{"href":"https:\/\/agroferomonas.com\/en\/wp-json\/wp\/v2\/posts\/5459"}],"collection":[{"href":"https:\/\/agroferomonas.com\/en\/wp-json\/wp\/v2\/posts"}],"about":[{"href":"https:\/\/agroferomonas.com\/en\/wp-json\/wp\/v2\/types\/post"}],"author":[{"embeddable":true,"href":"https:\/\/agroferomonas.com\/en\/wp-json\/wp\/v2\/users\/6"}],"replies":[{"embeddable":true,"href":"https:\/\/agroferomonas.com\/en\/wp-json\/wp\/v2\/comments?post=5459"}],"version-history":[{"count":0,"href":"https:\/\/agroferomonas.com\/en\/wp-json\/wp\/v2\/posts\/5459\/revisions"}],"wp:featuredmedia":[{"embeddable":true,"href":"https:\/\/agroferomonas.com\/en\/wp-json\/wp\/v2\/media\/5461"}],"wp:attachment":[{"href":"https:\/\/agroferomonas.com\/en\/wp-json\/wp\/v2\/media?parent=5459"}],"wp:term":[{"taxonomy":"category","embeddable":true,"href":"https:\/\/agroferomonas.com\/en\/wp-json\/wp\/v2\/categories?post=5459"},{"taxonomy":"post_tag","embeddable":true,"href":"https:\/\/agroferomonas.com\/en\/wp-json\/wp\/v2\/tags?post=5459"}],"curies":[{"name":"wp","href":"https:\/\/api.w.org\/{rel}","templated":true}]}}