{"id":5614,"date":"2018-09-06T09:56:48","date_gmt":"2018-09-06T07:56:48","guid":{"rendered":"http:\/\/agroferomonas.com\/?p=5614"},"modified":"2018-09-06T09:56:48","modified_gmt":"2018-09-06T07:56:48","slug":"expertos-abogan-por-aunar-el-control-quimico-y-biologico-contra-las-plagas","status":"publish","type":"post","link":"https:\/\/agroferomonas.com\/en\/expertos-abogan-por-aunar-el-control-quimico-y-biologico-contra-las-plagas\/","title":{"rendered":"Expertos abogan por aunar el control qu\u00edmico y biol\u00f3gico contra las plagas"},"content":{"rendered":"<p>[et_pb_section bb_built=\u00bb1&#8243;][et_pb_row][et_pb_column type=\u00bb4_4&#8243;][et_pb_text _builder_version=\u00bb3.8&#8243;]<\/p>\n<p style=\"text-align: justify;\">El director del M\u00e1ster de Control y Gesti\u00f3n de Plagas de la Universitat de Val\u00e8ncia, Jes\u00fas Selfa, ha asegurado que es imposible erradicar las plagas urbanas mediante un control qu\u00edmico y ha abogado por investigar nuevos campos como el del control biol\u00f3gico o biot\u00e9cnico.<\/p>\n<h3 style=\"text-align: justify;\">Riesgo para la salud<\/h3>\n<p style=\"text-align: justify;\">\nSeg\u00fan ha informado la Universitat en un comunicado, el profesor Selfa ha afirmado que el control qu\u00edmico que realizan los ayuntamientos de las plagas \u00abno es efectivo\u00bb ni \u00absuficiente\u00bb, pero ha advertido de que aumentarlo de manera \u00abdesproporcionada\u00bb supondr\u00eda \u00abun gran riesgo para la salud\u00bb de los ciudadanos debido a la acumulaci\u00f3n de residuos qu\u00edmicos.<\/p>\n<p style=\"text-align: justify;\">\nPor ello, Selfa ha apostado por nuevos caminos en la investigaci\u00f3n que puedan aunarse al control qu\u00edmico, como el control biot\u00e9cnico y biol\u00f3gico, m\u00e1s respetuosos con el medio ambiente, as\u00ed como un incremento de la higiene, ya que los humanos \u00abprovocamos mucha suciedad y una mayor profilaxis supondr\u00eda una menor propagaci\u00f3n de plagas\u00bb, ha afirmado.<\/p>\n<p style=\"text-align: justify;\">\nAsimismo, ha alertado de los efectos que pueden llegar a tener las plagas en la salud p\u00fablica, ya que \u00abson potenciales transmisoras de enfermedades\u00bb que pueden llevar a \u00abcrisis graves\u00bb a las personas que ya tengan problemas de salud.<\/p>\n<p style=\"text-align: justify;\">\nEn cuanto a los riesgos econ\u00f3micos que conllevan las plagas, Selfa ha resaltado los efectos directos en la econom\u00eda que pueden tener las plagas agr\u00edcolas y forestales.<\/p>\n<p style=\"text-align: justify;\">\nEstos y otros temas son los que tratar\u00e1 el M\u00e1ster de Control y Gesti\u00f3n de Plagas que comenzar\u00e1 en enero de 2019 y durar\u00e1 todo el a\u00f1o, a lo largo de 15 m\u00f3dulos que se impartir\u00e1n on line. EFE<\/p>\n<p>[\/et_pb_text][\/et_pb_column][\/et_pb_row][\/et_pb_section]    \t<\/p>","protected":false},"excerpt":{"rendered":"<p>[et_pb_section bb_built=\u00bb1&#8243;][et_pb_row][et_pb_column type=\u00bb4_4&#8243;][et_pb_text _builder_version=\u00bb3.8&#8243;] El director del M\u00e1ster de Control y Gesti\u00f3n de Plagas de la Universitat de Val\u00e8ncia, Jes\u00fas Selfa, ha asegurado que es imposible erradicar las plagas urbanas &#8230; <a title=\"Expertos abogan por aunar el control qu\u00edmico y biol\u00f3gico contra las plagas\" class=\"read-more\" href=\"https:\/\/agroferomonas.com\/en\/expertos-abogan-por-aunar-el-control-quimico-y-biologico-contra-las-plagas\/\" aria-label=\"More on Expertos abogan por aunar el control qu\u00edmico y biol\u00f3gico contra las plagas\" data-no-translation=\"\" data-trp-gettext=\"\">Read more<\/a><\/p>","protected":false},"author":6,"featured_media":5615,"comment_status":"open","ping_status":"open","sticky":false,"template":"","format":"standard","meta":{"_price":"","_stock":"","_tribe_ticket_header":"","_tribe_default_ticket_provider":"","_tribe_ticket_capacity":"0","_ticket_start_date":"","_ticket_end_date":"","_tribe_ticket_show_description":"","_tribe_ticket_show_not_going":false,"_tribe_ticket_use_global_stock":"","_tribe_ticket_global_stock_level":"","_global_stock_mode":"","_global_stock_cap":"","_tribe_rsvp_for_event":"","_tribe_ticket_going_count":"","_tribe_ticket_not_going_count":"","_tribe_tickets_list":[],"_tribe_ticket_has_attendee_info_fields":false},"categories":[29],"tags":[],"yoast_head":"<!-- This site is optimized with the Yoast SEO plugin v19.7.2 - https:\/\/yoast.com\/wordpress\/plugins\/seo\/ -->\n<title>Expertos abogan por aunar el control qu\u00edmico y biol\u00f3gico contra las plagas - Foro Agroferomonas<\/title>\n<meta name=\"robots\" content=\"index, follow, max-snippet:-1, max-image-preview:large, max-video-preview:-1\" \/>\n<link rel=\"canonical\" href=\"https:\/\/agroferomonas.com\/en\/expertos-abogan-por-aunar-el-control-quimico-y-biologico-contra-las-plagas\/\" \/>\n<meta property=\"og:locale\" content=\"en_GB\" \/>\n<meta property=\"og:type\" content=\"article\" \/>\n<meta property=\"og:title\" content=\"Expertos abogan por aunar el control qu\u00edmico y biol\u00f3gico contra las plagas - Foro Agroferomonas\" \/>\n<meta property=\"og:description\" content=\"[et_pb_section bb_built=\u00bb1&#8243;][et_pb_row][et_pb_column type=\u00bb4_4&#8243;][et_pb_text _builder_version=\u00bb3.8&#8243;] El director del M\u00e1ster de Control y Gesti\u00f3n de Plagas de la Universitat de Val\u00e8ncia, Jes\u00fas Selfa, ha asegurado que es imposible erradicar las plagas urbanas ... Read more\" \/>\n<meta property=\"og:url\" content=\"https:\/\/agroferomonas.com\/en\/expertos-abogan-por-aunar-el-control-quimico-y-biologico-contra-las-plagas\/\" \/>\n<meta property=\"og:site_name\" content=\"Foro Agroferomonas\" \/>\n<meta property=\"article:published_time\" content=\"2018-09-06T07:56:48+00:00\" \/>\n<meta property=\"og:image\" content=\"https:\/\/agroferomonas.com\/wp-content\/uploads\/2018\/09\/master-gestion-control-plagas.png\" \/>\n\t<meta property=\"og:image:width\" content=\"2101\" \/>\n\t<meta property=\"og:image:height\" content=\"1716\" \/>\n\t<meta property=\"og:image:type\" content=\"image\/png\" \/>\n<meta name=\"author\" content=\"agroFer0Ad\" \/>\n<meta name=\"twitter:card\" content=\"summary_large_image\" \/>\n<meta name=\"twitter:label1\" content=\"Written by\" \/>\n\t<meta name=\"twitter:data1\" content=\"agroFer0Ad\" \/>\n\t<meta name=\"twitter:label2\" content=\"Estimated reading time\" \/>\n\t<meta name=\"twitter:data2\" content=\"2 minutes\" \/>\n<script type=\"application\/ld+json\" class=\"yoast-schema-graph\">{\"@context\":\"https:\/\/schema.org\",\"@graph\":[{\"@type\":\"Article\",\"@id\":\"https:\/\/agroferomonas.com\/expertos-abogan-por-aunar-el-control-quimico-y-biologico-contra-las-plagas\/#article\",\"isPartOf\":{\"@id\":\"https:\/\/agroferomonas.com\/expertos-abogan-por-aunar-el-control-quimico-y-biologico-contra-las-plagas\/\"},\"author\":{\"name\":\"agroFer0Ad\",\"@id\":\"https:\/\/agroferomonas.com\/#\/schema\/person\/ec343349ac181f9cc4645d7acd5d20e7\"},\"headline\":\"Expertos abogan por aunar el control qu\u00edmico y biol\u00f3gico contra las plagas\",\"datePublished\":\"2018-09-06T07:56:48+00:00\",\"dateModified\":\"2018-09-06T07:56:48+00:00\",\"mainEntityOfPage\":{\"@id\":\"https:\/\/agroferomonas.com\/expertos-abogan-por-aunar-el-control-quimico-y-biologico-contra-las-plagas\/\"},\"wordCount\":332,\"commentCount\":0,\"publisher\":{\"@id\":\"https:\/\/agroferomonas.com\/#organization\"},\"articleSection\":[\"noticias\"],\"inLanguage\":\"en-GB\",\"potentialAction\":[{\"@type\":\"CommentAction\",\"name\":\"Comment\",\"target\":[\"https:\/\/agroferomonas.com\/expertos-abogan-por-aunar-el-control-quimico-y-biologico-contra-las-plagas\/#respond\"]}]},{\"@type\":\"WebPage\",\"@id\":\"https:\/\/agroferomonas.com\/expertos-abogan-por-aunar-el-control-quimico-y-biologico-contra-las-plagas\/\",\"url\":\"https:\/\/agroferomonas.com\/expertos-abogan-por-aunar-el-control-quimico-y-biologico-contra-las-plagas\/\",\"name\":\"Expertos abogan por aunar el control qu\u00edmico y biol\u00f3gico contra las plagas - Foro Agroferomonas\",\"isPartOf\":{\"@id\":\"https:\/\/agroferomonas.com\/#website\"},\"datePublished\":\"2018-09-06T07:56:48+00:00\",\"dateModified\":\"2018-09-06T07:56:48+00:00\",\"breadcrumb\":{\"@id\":\"https:\/\/agroferomonas.com\/expertos-abogan-por-aunar-el-control-quimico-y-biologico-contra-las-plagas\/#breadcrumb\"},\"inLanguage\":\"en-GB\",\"potentialAction\":[{\"@type\":\"ReadAction\",\"target\":[\"https:\/\/agroferomonas.com\/expertos-abogan-por-aunar-el-control-quimico-y-biologico-contra-las-plagas\/\"]}]},{\"@type\":\"BreadcrumbList\",\"@id\":\"https:\/\/agroferomonas.com\/expertos-abogan-por-aunar-el-control-quimico-y-biologico-contra-las-plagas\/#breadcrumb\",\"itemListElement\":[{\"@type\":\"ListItem\",\"position\":1,\"name\":\"Portada\",\"item\":\"https:\/\/agroferomonas.com\/\"},{\"@type\":\"ListItem\",\"position\":2,\"name\":\"Expertos abogan por aunar el control qu\u00edmico y biol\u00f3gico contra las plagas\"}]},{\"@type\":\"WebSite\",\"@id\":\"https:\/\/agroferomonas.com\/#website\",\"url\":\"https:\/\/agroferomonas.com\/\",\"name\":\"Foro Agroferomonas\",\"description\":\"Control biol\u00f3gico, trampas y atrayentes\",\"publisher\":{\"@id\":\"https:\/\/agroferomonas.com\/#organization\"},\"potentialAction\":[{\"@type\":\"SearchAction\",\"target\":{\"@type\":\"EntryPoint\",\"urlTemplate\":\"https:\/\/agroferomonas.com\/?s={search_term_string}\"},\"query-input\":\"required name=search_term_string\"}],\"inLanguage\":\"en-GB\"},{\"@type\":\"Organization\",\"@id\":\"https:\/\/agroferomonas.com\/#organization\",\"name\":\"Foro Agroferomonas\",\"url\":\"https:\/\/agroferomonas.com\/\",\"sameAs\":[],\"logo\":{\"@type\":\"ImageObject\",\"inLanguage\":\"en-GB\",\"@id\":\"https:\/\/agroferomonas.com\/#\/schema\/logo\/image\/\",\"url\":\"https:\/\/agroferomonas.com\/wp-content\/uploads\/2022\/01\/logo-agroferomonas-2022-copia.png\",\"contentUrl\":\"https:\/\/agroferomonas.com\/wp-content\/uploads\/2022\/01\/logo-agroferomonas-2022-copia.png\",\"width\":384,\"height\":108,\"caption\":\"Foro Agroferomonas\"},\"image\":{\"@id\":\"https:\/\/agroferomonas.com\/#\/schema\/logo\/image\/\"}},{\"@type\":\"Person\",\"@id\":\"https:\/\/agroferomonas.com\/#\/schema\/person\/ec343349ac181f9cc4645d7acd5d20e7\",\"name\":\"agroFer0Ad\",\"image\":{\"@type\":\"ImageObject\",\"inLanguage\":\"en-GB\",\"@id\":\"https:\/\/agroferomonas.com\/#\/schema\/person\/image\/\",\"url\":\"https:\/\/secure.gravatar.com\/avatar\/e01cc45a5068b09b79cc122270fc93b9?s=96&d=mm&r=g\",\"contentUrl\":\"https:\/\/secure.gravatar.com\/avatar\/e01cc45a5068b09b79cc122270fc93b9?s=96&d=mm&r=g\",\"caption\":\"agroFer0Ad\"},\"url\":\"https:\/\/agroferomonas.com\/en\/author\/agrofer0ad\/\"}]}<\/script>\n<!-- \/ Yoast SEO plugin. -->","yoast_head_json":{"title":"Expertos abogan por aunar el control qu\u00edmico y biol\u00f3gico contra las plagas - Foro Agroferomonas","robots":{"index":"index","follow":"follow","max-snippet":"max-snippet:-1","max-image-preview":"max-image-preview:large","max-video-preview":"max-video-preview:-1"},"canonical":"https:\/\/agroferomonas.com\/en\/expertos-abogan-por-aunar-el-control-quimico-y-biologico-contra-las-plagas\/","og_locale":"en_GB","og_type":"article","og_title":"Expertos abogan por aunar el control qu\u00edmico y biol\u00f3gico contra las plagas - Foro Agroferomonas","og_description":"[et_pb_section bb_built=\u00bb1&#8243;][et_pb_row][et_pb_column type=\u00bb4_4&#8243;][et_pb_text _builder_version=\u00bb3.8&#8243;] El director del M\u00e1ster de Control y Gesti\u00f3n de Plagas de la Universitat de Val\u00e8ncia, Jes\u00fas Selfa, ha asegurado que es imposible erradicar las plagas urbanas ... Read more","og_url":"https:\/\/agroferomonas.com\/en\/expertos-abogan-por-aunar-el-control-quimico-y-biologico-contra-las-plagas\/","og_site_name":"Foro Agroferomonas","article_published_time":"2018-09-06T07:56:48+00:00","og_image":[{"width":2101,"height":1716,"url":"https:\/\/agroferomonas.com\/wp-content\/uploads\/2018\/09\/master-gestion-control-plagas.png","type":"image\/png"}],"author":"agroFer0Ad","twitter_card":"summary_large_image","twitter_misc":{"Written by":"agroFer0Ad","Estimated reading time":"2 minutes"},"schema":{"@context":"https:\/\/schema.org","@graph":[{"@type":"Article","@id":"https:\/\/agroferomonas.com\/expertos-abogan-por-aunar-el-control-quimico-y-biologico-contra-las-plagas\/#article","isPartOf":{"@id":"https:\/\/agroferomonas.com\/expertos-abogan-por-aunar-el-control-quimico-y-biologico-contra-las-plagas\/"},"author":{"name":"agroFer0Ad","@id":"https:\/\/agroferomonas.com\/#\/schema\/person\/ec343349ac181f9cc4645d7acd5d20e7"},"headline":"Expertos abogan por aunar el control qu\u00edmico y biol\u00f3gico contra las plagas","datePublished":"2018-09-06T07:56:48+00:00","dateModified":"2018-09-06T07:56:48+00:00","mainEntityOfPage":{"@id":"https:\/\/agroferomonas.com\/expertos-abogan-por-aunar-el-control-quimico-y-biologico-contra-las-plagas\/"},"wordCount":332,"commentCount":0,"publisher":{"@id":"https:\/\/agroferomonas.com\/#organization"},"articleSection":["noticias"],"inLanguage":"en-GB","potentialAction":[{"@type":"CommentAction","name":"Comment","target":["https:\/\/agroferomonas.com\/expertos-abogan-por-aunar-el-control-quimico-y-biologico-contra-las-plagas\/#respond"]}]},{"@type":"WebPage","@id":"https:\/\/agroferomonas.com\/expertos-abogan-por-aunar-el-control-quimico-y-biologico-contra-las-plagas\/","url":"https:\/\/agroferomonas.com\/expertos-abogan-por-aunar-el-control-quimico-y-biologico-contra-las-plagas\/","name":"Expertos abogan por aunar el control qu\u00edmico y biol\u00f3gico contra las plagas - Foro Agroferomonas","isPartOf":{"@id":"https:\/\/agroferomonas.com\/#website"},"datePublished":"2018-09-06T07:56:48+00:00","dateModified":"2018-09-06T07:56:48+00:00","breadcrumb":{"@id":"https:\/\/agroferomonas.com\/expertos-abogan-por-aunar-el-control-quimico-y-biologico-contra-las-plagas\/#breadcrumb"},"inLanguage":"en-GB","potentialAction":[{"@type":"ReadAction","target":["https:\/\/agroferomonas.com\/expertos-abogan-por-aunar-el-control-quimico-y-biologico-contra-las-plagas\/"]}]},{"@type":"BreadcrumbList","@id":"https:\/\/agroferomonas.com\/expertos-abogan-por-aunar-el-control-quimico-y-biologico-contra-las-plagas\/#breadcrumb","itemListElement":[{"@type":"ListItem","position":1,"name":"Portada","item":"https:\/\/agroferomonas.com\/"},{"@type":"ListItem","position":2,"name":"Expertos abogan por aunar el control qu\u00edmico y biol\u00f3gico contra las plagas"}]},{"@type":"WebSite","@id":"https:\/\/agroferomonas.com\/#website","url":"https:\/\/agroferomonas.com\/","name":"Foro Agroferomonas","description":"Control biol\u00f3gico, trampas y atrayentes","publisher":{"@id":"https:\/\/agroferomonas.com\/#organization"},"potentialAction":[{"@type":"SearchAction","target":{"@type":"EntryPoint","urlTemplate":"https:\/\/agroferomonas.com\/?s={search_term_string}"},"query-input":"required name=search_term_string"}],"inLanguage":"en-GB"},{"@type":"Organization","@id":"https:\/\/agroferomonas.com\/#organization","name":"Foro Agroferomonas","url":"https:\/\/agroferomonas.com\/","sameAs":[],"logo":{"@type":"ImageObject","inLanguage":"en-GB","@id":"https:\/\/agroferomonas.com\/#\/schema\/logo\/image\/","url":"https:\/\/agroferomonas.com\/wp-content\/uploads\/2022\/01\/logo-agroferomonas-2022-copia.png","contentUrl":"https:\/\/agroferomonas.com\/wp-content\/uploads\/2022\/01\/logo-agroferomonas-2022-copia.png","width":384,"height":108,"caption":"Foro Agroferomonas"},"image":{"@id":"https:\/\/agroferomonas.com\/#\/schema\/logo\/image\/"}},{"@type":"Person","@id":"https:\/\/agroferomonas.com\/#\/schema\/person\/ec343349ac181f9cc4645d7acd5d20e7","name":"agroFer0Ad","image":{"@type":"ImageObject","inLanguage":"en-GB","@id":"https:\/\/agroferomonas.com\/#\/schema\/person\/image\/","url":"https:\/\/secure.gravatar.com\/avatar\/e01cc45a5068b09b79cc122270fc93b9?s=96&d=mm&r=g","contentUrl":"https:\/\/secure.gravatar.com\/avatar\/e01cc45a5068b09b79cc122270fc93b9?s=96&d=mm&r=g","caption":"agroFer0Ad"},"url":"https:\/\/agroferomonas.com\/en\/author\/agrofer0ad\/"}]}},"_links":{"self":[{"href":"https:\/\/agroferomonas.com\/en\/wp-json\/wp\/v2\/posts\/5614"}],"collection":[{"href":"https:\/\/agroferomonas.com\/en\/wp-json\/wp\/v2\/posts"}],"about":[{"href":"https:\/\/agroferomonas.com\/en\/wp-json\/wp\/v2\/types\/post"}],"author":[{"embeddable":true,"href":"https:\/\/agroferomonas.com\/en\/wp-json\/wp\/v2\/users\/6"}],"replies":[{"embeddable":true,"href":"https:\/\/agroferomonas.com\/en\/wp-json\/wp\/v2\/comments?post=5614"}],"version-history":[{"count":0,"href":"https:\/\/agroferomonas.com\/en\/wp-json\/wp\/v2\/posts\/5614\/revisions"}],"wp:featuredmedia":[{"embeddable":true,"href":"https:\/\/agroferomonas.com\/en\/wp-json\/wp\/v2\/media\/5615"}],"wp:attachment":[{"href":"https:\/\/agroferomonas.com\/en\/wp-json\/wp\/v2\/media?parent=5614"}],"wp:term":[{"taxonomy":"category","embeddable":true,"href":"https:\/\/agroferomonas.com\/en\/wp-json\/wp\/v2\/categories?post=5614"},{"taxonomy":"post_tag","embeddable":true,"href":"https:\/\/agroferomonas.com\/en\/wp-json\/wp\/v2\/tags?post=5614"}],"curies":[{"name":"wp","href":"https:\/\/api.w.org\/{rel}","templated":true}]}}